{"id":14060,"date":"2025-04-09T18:24:21","date_gmt":"2025-04-09T16:24:21","guid":{"rendered":"https:\/\/serbenidorm.daliisolutions.com\/index.php\/2025\/04\/09\/asaltantes-y-asaltados-a-juicio-tras-el-robo-de-una-vivienda-en-villajoyosa\/"},"modified":"2025-04-09T18:24:21","modified_gmt":"2025-04-09T16:24:21","slug":"asaltantes-y-asaltados-a-juicio-tras-el-robo-de-una-vivienda-en-villajoyosa","status":"publish","type":"post","link":"https:\/\/serbenidorm.daliisolutions.com\/index.php\/2025\/04\/09\/asaltantes-y-asaltados-a-juicio-tras-el-robo-de-una-vivienda-en-villajoyosa\/","title":{"rendered":"Asaltantes y asaltados, a juicio tras el robo de una vivienda en Villajoyosa"},"content":{"rendered":"  <p><div data-adtype=\"MLDB\"><\/div><\/p>   <p>La Vila Joiosa<\/p>   <p>Este jueves va a comenzar en la Audiencia Provincial de Alicante el juicio a dos hombres acusados de entrar a robar en una vivienda de Villajoyosa y de lesionar a dos hermanos que se encontraban en su interior, uno de los cuales tambi\u00e9n est\u00e1 procesado por un delito de intento de homicidio al apu\u00f1alar a uno de los asaltantes, seg\u00fan ha informado el Tribunal Superior de Justicia de la Comunitat Valenciana (TSJCV).<\/p>   <p>Los hechos ocurrieron la noche del 21 de diciembre de 2019 cuando, seg\u00fan el relato de la Fiscal\u00eda, los dos asaltantes accedieron al patio exterior de la vivienda. Uno de los due\u00f1os advirti\u00f3 de su presencia y se inici\u00f3 entonces un forcejeo en el que los asaltantes le propinaron varios golpes mientras uno de ellos <a href=\"https:\/\/cadenaser.com\/tag\/vila_joiosa\/a\/\" target=\"_blank\">se llev\u00f3 una bolsa de la casa cuyo contenido se desconoce<\/a>.<\/p>  <p><p>M\u00e1s informaci\u00f3n<\/p><figure><img loading=\"lazy\" decoding=\"async\" src=\"https:\/\/cadenaser.com\/resizer\/v2\/EGGNNELTXVDTLDGUFLLRRAD4A4.jpg?auth=725d36d8bcf9dd8fb0cd88ce775dc8b3079e0bb6417b3818db05603c02202b1e&amp;quality=70&amp;width=360&amp;height=202&amp;smart=true\" width=\"820\" height=\"621\" \/><\/figure><ul><li><a href=\"https:\/\/cadenaser.com\/comunitat-valenciana\/2025\/04\/07\/cae-en-alicante-una-red-que-estafo-19-millones-de-euros-a-200-victimas-con-videos-manipulados-por-ia-radio-alicante\/\"><span>Cae en Alicante una red que estaf\u00f3 19 millones de euros a 200 v\u00edctimas con v\u00eddeos manipulados por IA: varios detenidos en Villajoyosa<\/span><\/a><\/li><\/ul><\/p>   <p>El agredido pidi\u00f3 entonces ayuda a su hermano, que estaba dentro de la casa, y cuando \u00e9ste tambi\u00e9n fue agredido por los dos presuntos ladrones. En un momento de la pele, uno de los hermanos pudo entrar en la cocina y sacar un cuchillo con el que, seg\u00fan mantiene la acusaci\u00f3n p\u00fablica, apu\u00f1al\u00f3 a uno de los asaltantes en un costado. <\/p>   <p>El Ministerio Fiscal solicita seis a\u00f1os de prisi\u00f3n por un delito de homicidio en grado de tentativa para uno de los hermanos y de siete a\u00f1os y medio de prisi\u00f3n por un delito de robo con violencia y dos delitos de lesiones para los dos presuntos asaltantes. Para el otro hermano pide una pena de multa por un delito leve de lesiones.<\/p> ","protected":false},"excerpt":{"rendered":"<p>Uno de los hermanos que estaba dentro de la casa  apu\u00f1al\u00f3 con un cuchillo a uno de los ladrones<\/p>\n","protected":false},"author":0,"featured_media":14061,"comment_status":"open","ping_status":"open","sticky":false,"template":"","format":"standard","meta":{"_acf_changed":false,"footnotes":""},"categories":[1],"tags":[],"class_list":["post-14060","post","type-post","status-publish","format-standard","has-post-thumbnail","hentry","category-sin-categoria"],"acf":{"ser_id":"FSGMOJE6TJB4RDPTV3OBQVSV4U","ser_url":"https:\/\/cadenaser.com\/comunitat-valenciana\/2025\/04\/09\/asaltantes-y-asaltados-a-juicio-tras-el-robo-de-una-vivienda-en-villajoyosa-radio-benidorm\/"},"_links":{"self":[{"href":"https:\/\/serbenidorm.daliisolutions.com\/index.php\/wp-json\/wp\/v2\/posts\/14060","targetHints":{"allow":["GET"]}}],"collection":[{"href":"https:\/\/serbenidorm.daliisolutions.com\/index.php\/wp-json\/wp\/v2\/posts"}],"about":[{"href":"https:\/\/serbenidorm.daliisolutions.com\/index.php\/wp-json\/wp\/v2\/types\/post"}],"replies":[{"embeddable":true,"href":"https:\/\/serbenidorm.daliisolutions.com\/index.php\/wp-json\/wp\/v2\/comments?post=14060"}],"version-history":[{"count":0,"href":"https:\/\/serbenidorm.daliisolutions.com\/index.php\/wp-json\/wp\/v2\/posts\/14060\/revisions"}],"wp:featuredmedia":[{"embeddable":true,"href":"https:\/\/serbenidorm.daliisolutions.com\/index.php\/wp-json\/wp\/v2\/media\/14061"}],"wp:attachment":[{"href":"https:\/\/serbenidorm.daliisolutions.com\/index.php\/wp-json\/wp\/v2\/media?parent=14060"}],"wp:term":[{"taxonomy":"category","embeddable":true,"href":"https:\/\/serbenidorm.daliisolutions.com\/index.php\/wp-json\/wp\/v2\/categories?post=14060"},{"taxonomy":"post_tag","embeddable":true,"href":"https:\/\/serbenidorm.daliisolutions.com\/index.php\/wp-json\/wp\/v2\/tags?post=14060"}],"curies":[{"name":"wp","href":"https:\/\/api.w.org\/{rel}","templated":true}]}}