{"id":1408,"date":"2024-01-16T10:41:24","date_gmt":"2024-01-16T09:41:24","guid":{"rendered":"https:\/\/serbenidorm.daliisolutions.com\/index.php\/2024\/01\/16\/felipe-sexto-de-espana\/"},"modified":"2024-01-16T10:41:24","modified_gmt":"2024-01-16T09:41:24","slug":"felipe-sexto-de-espana","status":"publish","type":"post","link":"https:\/\/serbenidorm.daliisolutions.com\/index.php\/2024\/01\/16\/felipe-sexto-de-espana\/","title":{"rendered":"Felipe, sexto de Espa\u00f1a"},"content":{"rendered":"  <p>Amurrio (\u00c1lava)<\/p>   <p>Ni Jos\u00e9 Luis Talamillo, a mediados del siglo pasado; ni David Seco, en el primer lustro del actual, pudieron completar una racha como la que ha conseguido <a href=\"https:\/\/cadenaser.com\/tag\/felipe_orts_lloret\/a\/\">Felipe Orts<\/a>, tercer corredor en la historia de Espa\u00f1a en proclamarse seis veces campe\u00f3n nacional de <a href=\"https:\/\/cadenaser.com\/tag\/ciclocross\/a\/\">ciclocross<\/a> y primero en hacerlo, adem\u00e1s, de manera consecutiva tras Pontevedra (2019 y 2020), Torrelavega (2021), X\u00e0tiva (2022), Vic (2023) y este domingo, Amurrio.<\/p>   <p>En realidad, Orts s\u00f3lo ten\u00eda dos rivales claros en la prueba de la localidad alavesa: los nervios derivados de la enorme presi\u00f3n que siempre supone para \u00e9l el Campeonato de Espa\u00f1a y la eventualidad de alguna desgracia en forma de ca\u00edda o aver\u00eda que pudieran complicarle las cosas sobremanera.<\/p>  <p><p>M\u00e1s informaci\u00f3n<\/p><figure><img decoding=\"async\" src=\"https:\/\/cadenaser.com\/resizer\/8xbSMYyiGcBE8utZiZTtnpxe98s=\/650x366\/filters:quality(70)\/cloudfront-eu-central-1.images.arcpublishing.com\/prisaradio\/ZYDFRLAWH5DUPGPPTV7ZV24C7Q.JPG\" loading=\"lazy\" width=\"828\" height=\"621\" \/><\/figure><ul><li><a href=\"https:\/\/cadenaser.com\/comunitat-valenciana\/2024\/01\/05\/wout-van-aert-confirma-su-presencia-en-benidorm-radio-benidorm\/\">Wout Van Aert confirma su presencia en Benidorm<\/a><\/li><\/ul><\/p>   <p>De lo segundo, no hubo ni rastro. En parte, claro, porque su superioridad fue tan clara durante toda la carrera que se pudo permitir el lujo de no arriesgar m\u00e1s de la cuenta en las zonas m\u00e1s complicadas del precioso circuito amurriano. En cuanto a los nervios, si es que los tuvo, tampoco se dejaron notar y tras una salida regular (marca de la casa), apenas precis\u00f3 de un cuarto de vuelta para ponerse en cabeza, abrir hueco y convertir el Campeonato de Espa\u00f1a en su particular mon\u00f3logo.<\/p>   <p>Entrevista a Felipe Orts tras su triunfo en Amurrio<\/p>  <p><p class=\"tit\"><span>Felipe Orts, sexto de Espa\u00f1a<\/span><\/p> <p class=\"emb\"><iframe loading=\"lazy\" src=\"https:\/\/cadenaser.com\/embed\/audio\/460\/1705310599855\/\" width=\"100%\" height=\"360\" frameborder=\"0\" allowfullscreen><\/iframe><\/p><\/p>   <p>Vistiendo por primera y \u00faltima vez esta temporada los colores de <a href=\"https:\/\/cadenaser.com\/comunitat-valenciana\/2023\/12\/21\/la-vila-joiosa-sera-el-principal-patrocinador-de-felipe-orts-radio-benidorm\/\">su nuevo La Vila Joiosa-N\u00e9teo<\/a>, Felipe Orts se enfund\u00f3 por sexta vez consecutiva el maillot rojigualda con el que el pr\u00f3ximo domingo volver\u00e1 a Benidorm para la disputa de <a href=\"https:\/\/cadenaser.com\/comunitat-valenciana\/2024\/01\/05\/wout-van-aert-confirma-su-presencia-en-benidorm-radio-benidorm\/\">la Copa del Mundo de la capital tur\u00edstica<\/a>. All\u00ed, tras haber rubricado con el oro nacional la que ha sido <a href=\"https:\/\/cadenaser.com\/comunitat-valenciana\/2023\/12\/29\/felipe-orts-brilla-con-el-corazon-roto-sobre-el-podio-de-loenhout-radio-benidorm\/\">su mejor temporada de siempre<\/a>, tratar\u00e1 de ponerle la guinda al pastel en lo que, sin duda, ser\u00e1 una fiesta para \u00e9l ante su afici\u00f3n.<\/p> ","protected":false},"excerpt":{"rendered":"<p>El ciclista vilero venci\u00f3 con absoluta rotundidad en Amurrio y llegar\u00e1 a Benidorm como campe\u00f3n nacional<\/p>\n","protected":false},"author":0,"featured_media":1409,"comment_status":"open","ping_status":"open","sticky":false,"template":"","format":"standard","meta":{"_acf_changed":false,"footnotes":""},"categories":[16],"tags":[],"class_list":["post-1408","post","type-post","status-publish","format-standard","has-post-thumbnail","hentry","category-deportes"],"acf":{"ser_id":"F6UBA4GRGFCQZO7KE2SFCTCMIE","ser_url":"https:\/\/cadenaser.com\/comunitat-valenciana\/2024\/01\/15\/felipe-sexto-de-espana-radio-benidorm\/"},"_links":{"self":[{"href":"https:\/\/serbenidorm.daliisolutions.com\/index.php\/wp-json\/wp\/v2\/posts\/1408","targetHints":{"allow":["GET"]}}],"collection":[{"href":"https:\/\/serbenidorm.daliisolutions.com\/index.php\/wp-json\/wp\/v2\/posts"}],"about":[{"href":"https:\/\/serbenidorm.daliisolutions.com\/index.php\/wp-json\/wp\/v2\/types\/post"}],"replies":[{"embeddable":true,"href":"https:\/\/serbenidorm.daliisolutions.com\/index.php\/wp-json\/wp\/v2\/comments?post=1408"}],"version-history":[{"count":0,"href":"https:\/\/serbenidorm.daliisolutions.com\/index.php\/wp-json\/wp\/v2\/posts\/1408\/revisions"}],"wp:featuredmedia":[{"embeddable":true,"href":"https:\/\/serbenidorm.daliisolutions.com\/index.php\/wp-json\/wp\/v2\/media\/1409"}],"wp:attachment":[{"href":"https:\/\/serbenidorm.daliisolutions.com\/index.php\/wp-json\/wp\/v2\/media?parent=1408"}],"wp:term":[{"taxonomy":"category","embeddable":true,"href":"https:\/\/serbenidorm.daliisolutions.com\/index.php\/wp-json\/wp\/v2\/categories?post=1408"},{"taxonomy":"post_tag","embeddable":true,"href":"https:\/\/serbenidorm.daliisolutions.com\/index.php\/wp-json\/wp\/v2\/tags?post=1408"}],"curies":[{"name":"wp","href":"https:\/\/api.w.org\/{rel}","templated":true}]}}