{"id":14082,"date":"2025-04-09T18:58:30","date_gmt":"2025-04-09T16:58:30","guid":{"rendered":"https:\/\/serbenidorm.daliisolutions.com\/index.php\/2025\/04\/09\/benidorm-se-pone-bonita-para-semana-santa\/"},"modified":"2025-04-09T18:58:30","modified_gmt":"2025-04-09T16:58:30","slug":"benidorm-se-pone-bonita-para-semana-santa","status":"publish","type":"post","link":"https:\/\/serbenidorm.daliisolutions.com\/index.php\/2025\/04\/09\/benidorm-se-pone-bonita-para-semana-santa\/","title":{"rendered":"Benidorm se pone \u00abbonita\u00bb para Semana Santa"},"content":{"rendered":"  <p><div data-adtype=\"MLDB\"><\/div><\/p>   <p>Benidorm<\/p>   <p>Con la vista puesta en la llegada de la Semana Santa, para la que <a href=\"https:\/\/cadenaser.com\/comunitat-valenciana\/2025\/04\/03\/los-hoteles-de-benidorm-auguran-una-gran-semana-santa-radio-benidorm\/\" target=\"_blank\">Benidorm lidera las previsiones de ocupaci\u00f3n hotelera de toda la Comunitat Valenciana<\/a> con porcentajes cercanos al 80 %, el Ayuntamiento de Benidorm ha comenzado una serie de labores de mejora de la imagen de puntos y lugares muy visitados en estas fechas.<\/p>   <p>La intervenci\u00f3n, ha explicado el consistorio, se basa fundamentalmente en la retirada de las capas de pintura previas, colocar una imprimaci\u00f3n y por \u00faltimo proceder a colocar la capa de pintura definitiva. Con esa premisa se est\u00e1 actuando en la<a href=\"https:\/\/cadenaser.com\/tag\/benidorm\/a\/\" target=\"_blank\"> Plaza del Castell, la Plaza de San Jaime y la balaustrada de Poniente<\/a> hasta el Paseo de Tamarindos. Seg\u00fan ha indicado el concejal de Espacio P\u00fablico Francis Mu\u00f1oz \u201cla pintura y mejora de la imagen de la balaustrada abarca alrededor de 1.400 metros lineales\u201d.<\/p>  <p><p>M\u00e1s informaci\u00f3n<\/p><figure><img loading=\"lazy\" decoding=\"async\" src=\"https:\/\/cadenaser.com\/resizer\/v2\/KQUOKUJIOBACPGQKGZZFSVYLQY.jpg?auth=f5f96efd7ea8a494092779e0aa65923a0172cfb86fb9d58e55841a30811a2b88&amp;quality=70&amp;width=360&amp;height=202&amp;smart=true\" width=\"820\" height=\"621\" \/><\/figure><ul><li><a href=\"https:\/\/cadenaser.com\/comunitat-valenciana\/2025\/04\/08\/las-obras-del-ies-pere-maria-orts-y-bosch-empezaran-a-final-de-mes-y-terminaran-en-el-segundo-semestre-de-2026-radio-benidorm\/\"><span>Las obras del IES Pere Maria Orts y Bosch empezar\u00e1n a final de mes y terminar\u00e1n en el segundo semestre de 2026<\/span><\/a><\/li><\/ul><\/p>   <p>Adem\u00e1s de estos lugares tambi\u00e9n se intervendr\u00e1 en espacios muy visitados como el Parque de Elche, el paseo de Col\u00f3n o los accesos a la playa desde el Paseo de Poniente tanto en las trece escaleras como en las tres rampas existentes: \u201cAntes del Jueves Santo se habr\u00e1n acabado las tareas que se est\u00e1n desarrollando en las zonas m\u00e1s visitadas como la Plaza del Castell o el Paseo de Tamarindos\u201d. <\/p>   <p>En cuanto al resto de la actuaci\u00f3n \u201cterminaremos a mediados de mayo aproximadamente porque afecta menos al tr\u00e1nsito de vecinos y visitantes\u201d. La inversi\u00f3n destinada por el Ayuntamiento a estos menesteres asciende a 39.900 euros, lo cual incluye las labores de pintura y los materiales empleados. <\/p>   <p>Asimismo, ha a\u00f1adido el edil, \u201cse est\u00e1n realizando reparaciones previas en algunos puntos de la balaustrada de Poniente debido a que se producen peque\u00f1os desprendimientos como consecuencia de la oxidaci\u00f3n de la armadura interna\u201d. Una vez que estas reparaciones finalizan se procede a los trabajos de pintura.<\/p>   <p>     .c-w {         max-width: 662px;         width: 100%;         margin:12px 0 24px auto;         background: #00755E;         border-radius: 99px;         display: flex;         align-items: center;         justify-content: center;     }     .c-w:hover {         background-color:#6CB3A5;     }      .c-w a {         display: flex;         align-items: center;         justify-content: center;         padding: 6px 0;         width:100%;     }      .c-w img {         width: 24px;         margin-right: 12px;     }      .c-w p {         font: 18px\/30px Poppins;         text-align: center;         color: #fff;         margin: 0;     }      @media (max-width:444px) {         .c-w a {             padding: 4px 12px;         }          .c-w img {             width: 24px;             margin-right: 8px;         }          .c-w p {             font: 14px\/25px Poppins;         }     }      @media (max-width:335px) {         .c-w p {             font: 13px\/25px Poppins;         }     }  <div class=\"c-w\"> <a href=\"https:\/\/www.whatsapp.com\/channel\/0029Va633PF9WtC4l7XUzh1e\" rel=\"nofollow\" target=\"_blank\">         <img decoding=\"async\" src=\"https:\/\/cadenaser.com\/estaticos\/recursosgraficos\/responsive\/img\/ico-whatsapp.svg\" alt=\"Whatsapp\">         <p>\u00danete al <b>canal de WhatsApp<\/b> de la SER<\/p>     <\/a> <\/div><\/p> ","protected":false},"excerpt":{"rendered":"<p>Las brigadas municipales trabajan en enclaves ic\u00f3nicos<\/p>\n","protected":false},"author":0,"featured_media":14083,"comment_status":"open","ping_status":"open","sticky":false,"template":"","format":"standard","meta":{"_acf_changed":false,"footnotes":""},"categories":[1],"tags":[],"class_list":["post-14082","post","type-post","status-publish","format-standard","has-post-thumbnail","hentry","category-sin-categoria"],"acf":{"ser_id":"TVM3IXJEBVA67LMTU35PLCENIQ","ser_url":"https:\/\/cadenaser.com\/comunitat-valenciana\/2025\/04\/09\/benidorm-se-pone-bonita-para-semana-santa-radio-benidorm\/"},"_links":{"self":[{"href":"https:\/\/serbenidorm.daliisolutions.com\/index.php\/wp-json\/wp\/v2\/posts\/14082","targetHints":{"allow":["GET"]}}],"collection":[{"href":"https:\/\/serbenidorm.daliisolutions.com\/index.php\/wp-json\/wp\/v2\/posts"}],"about":[{"href":"https:\/\/serbenidorm.daliisolutions.com\/index.php\/wp-json\/wp\/v2\/types\/post"}],"replies":[{"embeddable":true,"href":"https:\/\/serbenidorm.daliisolutions.com\/index.php\/wp-json\/wp\/v2\/comments?post=14082"}],"version-history":[{"count":0,"href":"https:\/\/serbenidorm.daliisolutions.com\/index.php\/wp-json\/wp\/v2\/posts\/14082\/revisions"}],"wp:featuredmedia":[{"embeddable":true,"href":"https:\/\/serbenidorm.daliisolutions.com\/index.php\/wp-json\/wp\/v2\/media\/14083"}],"wp:attachment":[{"href":"https:\/\/serbenidorm.daliisolutions.com\/index.php\/wp-json\/wp\/v2\/media?parent=14082"}],"wp:term":[{"taxonomy":"category","embeddable":true,"href":"https:\/\/serbenidorm.daliisolutions.com\/index.php\/wp-json\/wp\/v2\/categories?post=14082"},{"taxonomy":"post_tag","embeddable":true,"href":"https:\/\/serbenidorm.daliisolutions.com\/index.php\/wp-json\/wp\/v2\/tags?post=14082"}],"curies":[{"name":"wp","href":"https:\/\/api.w.org\/{rel}","templated":true}]}}