{"id":14091,"date":"2025-04-10T08:23:15","date_gmt":"2025-04-10T06:23:15","guid":{"rendered":"https:\/\/serbenidorm.daliisolutions.com\/index.php\/2025\/04\/10\/villajoyosa-reabre-este-jueves-el-parque-censal-a-falta-de-las-escaleras-mecanicas\/"},"modified":"2025-04-10T08:23:15","modified_gmt":"2025-04-10T06:23:15","slug":"villajoyosa-reabre-este-jueves-el-parque-censal-a-falta-de-las-escaleras-mecanicas","status":"publish","type":"post","link":"https:\/\/serbenidorm.daliisolutions.com\/index.php\/2025\/04\/10\/villajoyosa-reabre-este-jueves-el-parque-censal-a-falta-de-las-escaleras-mecanicas\/","title":{"rendered":"Villajoyosa reabre este jueves el parque Censal a falta de las escaleras mec\u00e1nicas"},"content":{"rendered":"  <p><div data-adtype=\"MLDB\"><\/div><\/p>   <p>La Vila Joiosa<\/p>   <p>Este jueves vuelve a abrir al p\u00fablico tras casi un a\u00f1o en obras el parque Censal que conecta el centro y la playa de Villajoyosa. El acto de inauguraci\u00f3n, a partir de las 18h. de la tarde, contar\u00e1 con actuaciones culturales y animaci\u00f3n infantil \u00abcon el fin de que el p\u00fablico disfrute del paseo y la visita por el parque\u00bb, como ha explicado la concejala de Escena Urbana Ana Alc\u00e1zar.<\/p>   <p>Las obras del proyecto de rehabilitaci\u00f3n integral y acondicionamiento de trazados para la accesibilidad en el parque Censal se recepcionaron el pasado 14 de marzo y durante este per\u00edodo, operarios municipales han estado completando tareas como la<a href=\"https:\/\/cadenaser.com\/tag\/vila_joiosa\/a\/\" target=\"_blank\"> plantaci\u00f3n de nueva jardiner\u00eda y la puesta a punto de infraestructuras como la fuente <\/a>que, ha se\u00f1alado Alc\u00e1zar, se qued\u00f3 fuera del proyecto inicial.<\/p>   <p>Esos deberes pendientes han afectado especialmente a uno de los componentes m\u00e1s importantes del parque: las escaleras mec\u00e1nicas que salvan el importante desnivel del terreno; escaleras que tampoco inclu\u00eda el contrato inicial y que todav\u00eda no est\u00e1n en funcionamiento, aunque el consistorio trabaja a contrarreloj para que se puedan utilizar lo antes posible.<\/p> ","protected":false},"excerpt":{"rendered":"<p>El Ayuntamiento remata detalles que no fueron incluidos en el proyecto de cara a la inauguraci\u00f3n de este jueves<\/p>\n","protected":false},"author":0,"featured_media":14092,"comment_status":"open","ping_status":"open","sticky":false,"template":"","format":"standard","meta":{"_acf_changed":false,"footnotes":""},"categories":[1],"tags":[],"class_list":["post-14091","post","type-post","status-publish","format-standard","has-post-thumbnail","hentry","category-sin-categoria"],"acf":{"ser_id":"PS62WUR35VBN5AVBR76H3FE4UA","ser_url":"https:\/\/cadenaser.com\/comunitat-valenciana\/2025\/04\/09\/villajoyosa-reabre-este-jueves-el-parque-censal-a-falta-de-las-escaleras-mecanicas-radio-benidorm\/"},"_links":{"self":[{"href":"https:\/\/serbenidorm.daliisolutions.com\/index.php\/wp-json\/wp\/v2\/posts\/14091","targetHints":{"allow":["GET"]}}],"collection":[{"href":"https:\/\/serbenidorm.daliisolutions.com\/index.php\/wp-json\/wp\/v2\/posts"}],"about":[{"href":"https:\/\/serbenidorm.daliisolutions.com\/index.php\/wp-json\/wp\/v2\/types\/post"}],"replies":[{"embeddable":true,"href":"https:\/\/serbenidorm.daliisolutions.com\/index.php\/wp-json\/wp\/v2\/comments?post=14091"}],"version-history":[{"count":0,"href":"https:\/\/serbenidorm.daliisolutions.com\/index.php\/wp-json\/wp\/v2\/posts\/14091\/revisions"}],"wp:featuredmedia":[{"embeddable":true,"href":"https:\/\/serbenidorm.daliisolutions.com\/index.php\/wp-json\/wp\/v2\/media\/14092"}],"wp:attachment":[{"href":"https:\/\/serbenidorm.daliisolutions.com\/index.php\/wp-json\/wp\/v2\/media?parent=14091"}],"wp:term":[{"taxonomy":"category","embeddable":true,"href":"https:\/\/serbenidorm.daliisolutions.com\/index.php\/wp-json\/wp\/v2\/categories?post=14091"},{"taxonomy":"post_tag","embeddable":true,"href":"https:\/\/serbenidorm.daliisolutions.com\/index.php\/wp-json\/wp\/v2\/tags?post=14091"}],"curies":[{"name":"wp","href":"https:\/\/api.w.org\/{rel}","templated":true}]}}