{"id":1410,"date":"2024-01-16T10:41:27","date_gmt":"2024-01-16T09:41:27","guid":{"rendered":"https:\/\/serbenidorm.daliisolutions.com\/index.php\/2024\/01\/16\/el-benidorm-reestrena-el-guillermo-amor-con-una-victoria-muy-sufrida\/"},"modified":"2024-01-16T10:41:27","modified_gmt":"2024-01-16T09:41:27","slug":"el-benidorm-reestrena-el-guillermo-amor-con-una-victoria-muy-sufrida","status":"publish","type":"post","link":"https:\/\/serbenidorm.daliisolutions.com\/index.php\/2024\/01\/16\/el-benidorm-reestrena-el-guillermo-amor-con-una-victoria-muy-sufrida\/","title":{"rendered":"El Benidorm (re)estrena el Guillermo Amor con una victoria muy sufrida"},"content":{"rendered":"  <p>Benidorm<\/p>   <p>El C.F. Benidorm volvi\u00f3 este domingo a su Estadio Guillermo Amor en lo que fue una gran fiesta del f\u00fatbol local. Una jornada en la que las gradas del campo benidormense volvieron a mostrar una imagen casi olvidada, con una muy buena entrada que, m\u00e1s all\u00e1 de lo meramente deportivo, hace despertar de nuevo el optimismo y la ilusi\u00f3n por el futuro a medio y largo plazo del balompi\u00e9 en la ciudad.<\/p>   <p>El l\u00edder ten\u00eda ante s\u00ed la oportunidad de proclamarse campe\u00f3n de invierno y para ello deb\u00eda de sumar los tres puntos ante un Calpe que, eso s\u00ed, le puso las cosas muy complicadas a los de Miguel \u00c1ngel Mart\u00ednez. Tanto es as\u00ed que el honor de marcar el primer gol en casa tras la refundaci\u00f3n de la entidad no fue para un jugador benidormense, sino para Alvarito, autor del primer tanto del Calpe y mejor jugador de los visitantes.<\/p>   <p>Tras ese tanto inicial, que lleg\u00f3 en el minuto 20 de partido, el Calpe se qued\u00f3 con un jugador menos y el Benidorm, al que le toc\u00f3 remar a contracorriente, pudo poner el 1-1 en el marcador gracias al tanto de Rosqu\u00edn, que lleg\u00f3 a la hora de juego.<\/p>   <p>La alegr\u00eda dur\u00f3 poco porque apenas cinco minutos despu\u00e9s los visitantes volver\u00edan a adelantarse en una fase del partido marcada por la intensidad. Tanto es as\u00ed que en el minuto 74 Morgado coloc\u00f3 el 2-2 para, a cuatro minutos del final, terminar de rubricar la remontada con el tanto de Juanjo Garc\u00eda que colocaba el 3-2 definitivo que daba al Benidorm la victoria y, con ella, el t\u00edtulo de invierno.<\/p>   <p>Los de Foietes son ahora, adem\u00e1s, m\u00e1s l\u00edderes gracias al empate cosechado por el Eldense B, segundo clasificado, ante el Crevillente Deportivo (1-1), lo que deja a los de Miguel \u00c1ngel Mart\u00ednez con una ventaja de seis puntos a falta de un solo partido para el final de la primera vuelta.<\/p>   <p><b>La Nuc\u00eda, empate sin premio<\/b><\/p>   <p>En Segunda RFEF, La Nuc\u00eda sac\u00f3 un punto (0-0) de su visita al segundo clasificado, el Lleida tras un empate que, en todo caso, tiene m\u00e1s premio en lo moral que en lo deportivo ya que no ha servido para que los rojillos salgan de la \u00faltima posici\u00f3n de la clasificaci\u00f3n ni para recortar terreno respecto a la salvaci\u00f3n, que sigue estando a once puntos de distancia.<\/p>   <p>Como siempre que se produce un resultado sin goles, los optimistas dir\u00e1n que la buena noticia es que La Nuc\u00eda ha conseguido mantener su porter\u00eda vac\u00eda por primera vez en once jornada; pero los pesimistas dir\u00e1n que la mala noticia es que no ha podido ver porter\u00eda.<\/p>   <p>En cualquier caso, haber podido arrancar un punto en el campo del segundo y romper la racha de tres derrotas consecutivas debe servir para que los de Mario Cartagena vuelvan a creer en sus cada vez m\u00e1s complicadas posibilidades de salvaci\u00f3n.<\/p> ","protected":false},"excerpt":{"rendered":"<p>Los de Miguel \u00c1ngel Mart\u00ednez tuvieron que remontar por dos veces a un Calpe que puso las cosas muy dif\u00edciles a los locales<\/p>\n","protected":false},"author":0,"featured_media":1411,"comment_status":"open","ping_status":"open","sticky":false,"template":"","format":"standard","meta":{"_acf_changed":false,"footnotes":""},"categories":[16],"tags":[],"class_list":["post-1410","post","type-post","status-publish","format-standard","has-post-thumbnail","hentry","category-deportes"],"acf":{"ser_id":"BXY45MI75VEIVNDARNMY5ZC234","ser_url":"https:\/\/cadenaser.com\/comunitat-valenciana\/2024\/01\/15\/el-benidorm-reestrena-el-guillermo-amor-con-una-victoria-muy-sufrida-radio-benidorm\/"},"_links":{"self":[{"href":"https:\/\/serbenidorm.daliisolutions.com\/index.php\/wp-json\/wp\/v2\/posts\/1410","targetHints":{"allow":["GET"]}}],"collection":[{"href":"https:\/\/serbenidorm.daliisolutions.com\/index.php\/wp-json\/wp\/v2\/posts"}],"about":[{"href":"https:\/\/serbenidorm.daliisolutions.com\/index.php\/wp-json\/wp\/v2\/types\/post"}],"replies":[{"embeddable":true,"href":"https:\/\/serbenidorm.daliisolutions.com\/index.php\/wp-json\/wp\/v2\/comments?post=1410"}],"version-history":[{"count":0,"href":"https:\/\/serbenidorm.daliisolutions.com\/index.php\/wp-json\/wp\/v2\/posts\/1410\/revisions"}],"wp:featuredmedia":[{"embeddable":true,"href":"https:\/\/serbenidorm.daliisolutions.com\/index.php\/wp-json\/wp\/v2\/media\/1411"}],"wp:attachment":[{"href":"https:\/\/serbenidorm.daliisolutions.com\/index.php\/wp-json\/wp\/v2\/media?parent=1410"}],"wp:term":[{"taxonomy":"category","embeddable":true,"href":"https:\/\/serbenidorm.daliisolutions.com\/index.php\/wp-json\/wp\/v2\/categories?post=1410"},{"taxonomy":"post_tag","embeddable":true,"href":"https:\/\/serbenidorm.daliisolutions.com\/index.php\/wp-json\/wp\/v2\/tags?post=1410"}],"curies":[{"name":"wp","href":"https:\/\/api.w.org\/{rel}","templated":true}]}}