{"id":14118,"date":"2025-04-11T09:06:31","date_gmt":"2025-04-11T07:06:31","guid":{"rendered":"https:\/\/serbenidorm.daliisolutions.com\/index.php\/2025\/04\/11\/las-viviendas-turisticas-de-benidorm-superan-las-previsiones-de-los-hoteles-para-esta-semana-santa\/"},"modified":"2025-04-11T09:06:31","modified_gmt":"2025-04-11T07:06:31","slug":"las-viviendas-turisticas-de-benidorm-superan-las-previsiones-de-los-hoteles-para-esta-semana-santa","status":"publish","type":"post","link":"https:\/\/serbenidorm.daliisolutions.com\/index.php\/2025\/04\/11\/las-viviendas-turisticas-de-benidorm-superan-las-previsiones-de-los-hoteles-para-esta-semana-santa\/","title":{"rendered":"Las viviendas tur\u00edsticas de Benidorm superan las previsiones de los hoteles para esta Semana Santa"},"content":{"rendered":"  <p><div data-adtype=\"MLDB\"><\/div><\/p>   <p>Benidorm<\/p>   <p>Incluso por encima de los hoteles de Benidorm, <a href=\"https:\/\/cadenaser.com\/comunitat-valenciana\/2025\/04\/03\/los-hoteles-de-benidorm-auguran-una-gran-semana-santa-radio-benidorm\/\" target=\"_blank\">encabezando las previsiones de toda la Comunitat Valenciana para la pascua<\/a>, est\u00e1n las expectativas de las viviendas tur\u00edsticas. En Benidorm ya est\u00e1n reservados el 83% de estos alojamientos de cara a esos d\u00edas claves del primer arre\u00f3n de la temporada y le siguen muy de cerca Altea o La Vila Joiosa, donde tambi\u00e9n se supera ya el 80%.<\/p>   <p>En declaraciones a <a href=\"https:\/\/cadenaser.com\/tag\/benidorm\/a\/\" target=\"_blank\">Radio Benidorm<\/a> la presidenta de la patronal auton\u00f3mica APTUR, Silvia Blasco, ha confirmado esta \u00abalta demanda\u00bb que se debe, explica, a la resistencia del mercado nacional y a la recuperaci\u00f3n \u00absignificativa\u00bb del internacional, con especial incidencia de los turistas brit\u00e1nicos, franceses y belgas.<\/p>  <p><p>M\u00e1s informaci\u00f3n<\/p><figure><img loading=\"lazy\" decoding=\"async\" src=\"https:\/\/cadenaser.com\/resizer\/v2\/25OF6LUCPZHKXHQKDU6GQ26OB4.jpg?auth=9002f9cea415a5dc58996e362aaf8f8b1478b5cd8709255f1626596c3ef2da5c&amp;quality=70&amp;width=360&amp;height=202&amp;smart=true\" width=\"820\" height=\"621\" \/><\/figure><ul><li><a href=\"https:\/\/cadenaser.com\/comunitat-valenciana\/2025\/04\/09\/benidorm-se-pone-bonita-para-semana-santa-radio-benidorm\/\"><span>Benidorm se pone \u00abbonita\u00bb para Semana Santa<\/span><\/a><\/li><\/ul><\/p>   <p>\u00abDesde Aptur seguimos atentos a la evoluci\u00f3n de las reservas y a los factores que pueden influir en la \u00faltima hora que podr\u00eda completar esos procentajes como es la previsi\u00f3n del tiempo\u00bb, ha a\u00f1adido Blasco.<\/p>   <p>Plan de Turismo Seguro 2025<\/p>   <p>Precisamente por la consolidaci\u00f3n de Benidorm como destino tur\u00edstico internacional la Polic\u00eda Nacional y la Polic\u00eda Local preparan junto al Consulado de Reino Unido en Alicante el Plan Turismo Seguro de este verano.<\/p>   <p>Se trata, han se\u00f1alado en un comunicado, de implementar medidas espec\u00edficas para prevenir delitos y proporcionar asistencia a los visitantes con mayor presencia policial y en colaboraci\u00f3n con las tour operadoras JET2 y TUI.<\/p>   <p>     .c-w {         max-width: 662px;         width: 100%;         margin:12px 0 24px auto;         background: #00755E;         border-radius: 99px;         display: flex;         align-items: center;         justify-content: center;     }     .c-w:hover {         background-color:#6CB3A5;     }      .c-w a {         display: flex;         align-items: center;         justify-content: center;         padding: 6px 0;         width:100%;     }      .c-w img {         width: 24px;         margin-right: 12px;     }      .c-w p {         font: 18px\/30px Poppins;         text-align: center;         color: #fff;         margin: 0;     }      @media (max-width:444px) {         .c-w a {             padding: 4px 12px;         }          .c-w img {             width: 24px;             margin-right: 8px;         }          .c-w p {             font: 14px\/25px Poppins;         }     }      @media (max-width:335px) {         .c-w p {             font: 13px\/25px Poppins;         }     }  <div class=\"c-w\"> <a href=\"https:\/\/www.whatsapp.com\/channel\/0029Va633PF9WtC4l7XUzh1e\" rel=\"nofollow\" target=\"_blank\">         <img decoding=\"async\" src=\"https:\/\/cadenaser.com\/estaticos\/recursosgraficos\/responsive\/img\/ico-whatsapp.svg\" alt=\"Whatsapp\">         <p>\u00danete al <b>canal de WhatsApp<\/b> de la SER<\/p>     <\/a> <\/div><\/p>   <p>El Servicio de Atenci\u00f3n al Turista Extranjero (SATE) situado en la calle Gerona esquina avenida Derramador, en el Rinc\u00f3n de Loix, ampl\u00eda adem\u00e1s su horario de apertura desde mayo y hasta octubre.<\/p> ","protected":false},"excerpt":{"rendered":"<p>Estos alojamientos estiman una ocupaci\u00f3n del 83 % a falta de las reservas de \u00faltima hora<\/p>\n","protected":false},"author":0,"featured_media":14119,"comment_status":"open","ping_status":"open","sticky":false,"template":"","format":"standard","meta":{"_acf_changed":false,"footnotes":""},"categories":[1],"tags":[],"class_list":["post-14118","post","type-post","status-publish","format-standard","has-post-thumbnail","hentry","category-sin-categoria"],"acf":{"ser_id":"KQ2TNG4OE5GPPHKIAEHOLTTQIY","ser_url":"https:\/\/cadenaser.com\/comunitat-valenciana\/2025\/04\/10\/las-viviendas-turisticas-de-benidorm-superan-las-previsiones-de-los-hoteles-para-esta-semana-santa-radio-benidorm\/"},"_links":{"self":[{"href":"https:\/\/serbenidorm.daliisolutions.com\/index.php\/wp-json\/wp\/v2\/posts\/14118","targetHints":{"allow":["GET"]}}],"collection":[{"href":"https:\/\/serbenidorm.daliisolutions.com\/index.php\/wp-json\/wp\/v2\/posts"}],"about":[{"href":"https:\/\/serbenidorm.daliisolutions.com\/index.php\/wp-json\/wp\/v2\/types\/post"}],"replies":[{"embeddable":true,"href":"https:\/\/serbenidorm.daliisolutions.com\/index.php\/wp-json\/wp\/v2\/comments?post=14118"}],"version-history":[{"count":0,"href":"https:\/\/serbenidorm.daliisolutions.com\/index.php\/wp-json\/wp\/v2\/posts\/14118\/revisions"}],"wp:featuredmedia":[{"embeddable":true,"href":"https:\/\/serbenidorm.daliisolutions.com\/index.php\/wp-json\/wp\/v2\/media\/14119"}],"wp:attachment":[{"href":"https:\/\/serbenidorm.daliisolutions.com\/index.php\/wp-json\/wp\/v2\/media?parent=14118"}],"wp:term":[{"taxonomy":"category","embeddable":true,"href":"https:\/\/serbenidorm.daliisolutions.com\/index.php\/wp-json\/wp\/v2\/categories?post=14118"},{"taxonomy":"post_tag","embeddable":true,"href":"https:\/\/serbenidorm.daliisolutions.com\/index.php\/wp-json\/wp\/v2\/tags?post=14118"}],"curies":[{"name":"wp","href":"https:\/\/api.w.org\/{rel}","templated":true}]}}