{"id":1412,"date":"2024-01-16T10:41:28","date_gmt":"2024-01-16T09:41:28","guid":{"rendered":"https:\/\/serbenidorm.daliisolutions.com\/index.php\/2024\/01\/16\/mal-fin-de-semana-para-el-club-balonmano-benidorm\/"},"modified":"2024-01-16T10:41:28","modified_gmt":"2024-01-16T09:41:28","slug":"mal-fin-de-semana-para-el-club-balonmano-benidorm","status":"publish","type":"post","link":"https:\/\/serbenidorm.daliisolutions.com\/index.php\/2024\/01\/16\/mal-fin-de-semana-para-el-club-balonmano-benidorm\/","title":{"rendered":"Mal fin de semana para el Club Balonmano Benidorm"},"content":{"rendered":"  <p>Benidorm<\/p>   <p>Con \u2018Los Hispanos\u2019 arrancando de forma muy irregular y accidentada el Campeonato de Europa y la Liga Asobal parada a la espera del final de ese torneo continental, los aficionados al balonmano de Benidorm no han tenido muchos motivos para la alegr\u00eda habida cuenta de que los dos principales equipos que han mantenido la actividad en marcha este fin de semana, el Primera Nacional masculino (filial del TM Benidorm) y el Divisi\u00f3n de Honor Plata femenino sufrieron sendas derrotas.<\/p>   <p>Los chicos del filial del equipo de Liga Asobal viajaban a la cancha del Mislata donde no pudieron dar la sorpresa y sumaron su 14\u00aa derrota del a\u00f1o (33-22) en otras tantas jornadas, por lo que se mantienen como colistas a dos puntos de la salvaci\u00f3n.<\/p>   <p>Por su parte, el conjunto femenino tampoco pudo sacar nada positivo de su viaje a Onda, donde las de Iker D\u00edaz salieron derrotadas (31-20) sin poder darle la vuelta a su err\u00e1tica campa\u00f1a muy marcada, eso s\u00ed, por las lesiones que est\u00e1n sufriendo algunas de sus jugadoras clave.<\/p> ","protected":false},"excerpt":{"rendered":"<p>Los equipos de Primera Nacional y Divisi\u00f3n de Honor Plata femenina cayeron derrotados<\/p>\n","protected":false},"author":0,"featured_media":1413,"comment_status":"open","ping_status":"open","sticky":false,"template":"","format":"standard","meta":{"_acf_changed":false,"footnotes":""},"categories":[16],"tags":[],"class_list":["post-1412","post","type-post","status-publish","format-standard","has-post-thumbnail","hentry","category-deportes"],"acf":{"ser_id":"VWNRYLS3DZBN3FQFQWVOHNSCQU","ser_url":"https:\/\/cadenaser.com\/comunitat-valenciana\/2024\/01\/15\/mal-fin-de-semana-para-el-club-balonmano-benidorm-radio-benidorm\/"},"_links":{"self":[{"href":"https:\/\/serbenidorm.daliisolutions.com\/index.php\/wp-json\/wp\/v2\/posts\/1412","targetHints":{"allow":["GET"]}}],"collection":[{"href":"https:\/\/serbenidorm.daliisolutions.com\/index.php\/wp-json\/wp\/v2\/posts"}],"about":[{"href":"https:\/\/serbenidorm.daliisolutions.com\/index.php\/wp-json\/wp\/v2\/types\/post"}],"replies":[{"embeddable":true,"href":"https:\/\/serbenidorm.daliisolutions.com\/index.php\/wp-json\/wp\/v2\/comments?post=1412"}],"version-history":[{"count":0,"href":"https:\/\/serbenidorm.daliisolutions.com\/index.php\/wp-json\/wp\/v2\/posts\/1412\/revisions"}],"wp:featuredmedia":[{"embeddable":true,"href":"https:\/\/serbenidorm.daliisolutions.com\/index.php\/wp-json\/wp\/v2\/media\/1413"}],"wp:attachment":[{"href":"https:\/\/serbenidorm.daliisolutions.com\/index.php\/wp-json\/wp\/v2\/media?parent=1412"}],"wp:term":[{"taxonomy":"category","embeddable":true,"href":"https:\/\/serbenidorm.daliisolutions.com\/index.php\/wp-json\/wp\/v2\/categories?post=1412"},{"taxonomy":"post_tag","embeddable":true,"href":"https:\/\/serbenidorm.daliisolutions.com\/index.php\/wp-json\/wp\/v2\/tags?post=1412"}],"curies":[{"name":"wp","href":"https:\/\/api.w.org\/{rel}","templated":true}]}}