{"id":14120,"date":"2025-04-11T09:06:36","date_gmt":"2025-04-11T07:06:36","guid":{"rendered":"https:\/\/serbenidorm.daliisolutions.com\/index.php\/2025\/04\/11\/el-origen-de-benidorm-y-la-inteligencia-artificial-se-unen-en-el-proyecto-multidisciplinar-del-ies-bernat-de-sarria\/"},"modified":"2025-04-11T09:06:36","modified_gmt":"2025-04-11T07:06:36","slug":"el-origen-de-benidorm-y-la-inteligencia-artificial-se-unen-en-el-proyecto-multidisciplinar-del-ies-bernat-de-sarria","status":"publish","type":"post","link":"https:\/\/serbenidorm.daliisolutions.com\/index.php\/2025\/04\/11\/el-origen-de-benidorm-y-la-inteligencia-artificial-se-unen-en-el-proyecto-multidisciplinar-del-ies-bernat-de-sarria\/","title":{"rendered":"El origen de Benidorm y la inteligencia artificial se unen en el proyecto multidisciplinar del IES Bernat de Sarri\u00e0"},"content":{"rendered":"  <p><div data-adtype=\"MLDB\"><\/div><\/p>   <p>Benidorm<\/p>   <p>El Instituto Bernat de Sarri\u00e1 de Benidorm celebra este viernes los actos centrales de la conmemoraci\u00f3n del 700 cumplea\u00f1os del nacimiento de la ciudad gracias al otorgamiento de la Carta de Poblamiento por el almirante Bernat de Sarri\u00e0.<\/p>   <p>El centro educativo ha creado una comisi\u00f3n de trabajo conformada, entre otros, por los profesores de Historia In\u00e9s Hidalgo y de Lengua Valenciana Sergi Castillo, que han compartido este mi\u00e9rcoles en <a href=\"https:\/\/cadenaser.com\/tag\/comarca_la_marina_baixa\/a\/\" target=\"_blank\">La Ventana de la Marina Baixa<\/a> los detalles del proyecto multidisciplinar desarrollado durante todo el curso para dar a conocer la \u00e9poca medieval y la figura del se\u00f1or Bernat de Sarri\u00e0, quien el 1325 firm\u00f3 en Val\u00e8ncia el documento que daba origen a la poblaci\u00f3n.<\/p>  <p><p>M\u00e1s informaci\u00f3n<\/p><figure><img loading=\"lazy\" decoding=\"async\" src=\"https:\/\/cadenaser.com\/resizer\/v2\/7MD42XFQMNF3FBIBYE2DOJD5NE.jpg?auth=a04c66ab33e66b399d553542e9855c6e94453ed440eba5a8d6c2d4cb7e066b60&amp;quality=70&amp;width=360&amp;height=202&amp;smart=true\" width=\"820\" height=\"621\" \/><\/figure><ul><li><a href=\"https:\/\/cadenaser.com\/comunitat-valenciana\/2025\/04\/09\/alumnos-del-ies-bernat-de-sarria-escenifican-su-version-de-la-carta-pobla-de-benidorm-radio-benidorm\/\"><span>Alumnos del IES Bernat de Sarri\u00e0 escenifican su versi\u00f3n de la Carta Pobla de Benidorm<\/span><\/a><\/li><\/ul><\/p>   <p>El viernes a las 11 de la ma\u00f1ana empezar\u00e1n los actos con un concierto inaugural a cargo del alumnado de m\u00fasica y la entrega de premios a los trabajos de las diferentes materias (redacciones, c\u00f3micos, escritura de m\u00fasica medieval&#8230;). El director del instituto, Jos\u00e9 Company, dirigir\u00e1 unas palabras a los asistentes, y presentar\u00e1 el grafiti elaborado por el artista local Cristian Cort\u00e9s a partir de IA, una pintura elaborada con t\u00e9cnica colaborativa con el alumnado de dibujo de 4.\u00ba de ESO, que ya luce en la fachada de las instalaciones.<\/p>   <p>El Sal\u00f3n de Actas del instituto acoger\u00e1 a las 11:30h el estreno de una obra de teatro elaborada y dirigida por el profesor Ricardo Molina con el taller de teatro del centro. Esta obra, adem\u00e1s, se ha inclu\u00eddo en los actos oficiales programados por el <a href=\"https:\/\/cadenaser.com\/tag\/benidorm\/a\/\" target=\"_blank\">Grup Carta de Poblament<\/a> para este 2025 y se representar\u00e1 el 7 de mayo en el Sal\u00f3n de Actos del Ayuntamiento de Benidorm, con entrada libre. Tambi\u00e9n se oficiar\u00e1 una funci\u00f3n para el alumnado de los otros institutos de la ciudad, dentro de un curso organizado por el Centro de Formaci\u00f3n e Innovaci\u00f3n de la Generalitat Valenciana (CEFIRE).<\/p>   <p>El mismo viernes 11, desde las 11:30h y hasta las 13:30h tendr\u00e1 lugar en el patio la Feria y Muestra medieval, en la cual se realizar\u00e1n diferentes talleres y juegos, y podr\u00e1n verse las actividades llevades a cabo durante los \u00faltimos meses en las clases. Hay que destacar la participaci\u00f3n en los actos de los integrantes del Grup Carta de Poblament de Benidorm, perteneciente a la Associaci\u00f3 de Penyes Verge del Sofratge de Benidorm.<\/p>   <p>     .c-w {         max-width: 662px;         width: 100%;         margin:12px 0 24px auto;         background: #00755E;         border-radius: 99px;         display: flex;         align-items: center;         justify-content: center;     }     .c-w:hover {         background-color:#6CB3A5;     }      .c-w a {         display: flex;         align-items: center;         justify-content: center;         padding: 6px 0;         width:100%;     }      .c-w img {         width: 24px;         margin-right: 12px;     }      .c-w p {         font: 18px\/30px Poppins;         text-align: center;         color: #fff;         margin: 0;     }      @media (max-width:444px) {         .c-w a {             padding: 4px 12px;         }          .c-w img {             width: 24px;             margin-right: 8px;         }          .c-w p {             font: 14px\/25px Poppins;         }     }      @media (max-width:335px) {         .c-w p {             font: 13px\/25px Poppins;         }     }  <div class=\"c-w\"> <a href=\"https:\/\/www.whatsapp.com\/channel\/0029Va633PF9WtC4l7XUzh1e\" rel=\"nofollow\" target=\"_blank\">         <img decoding=\"async\" src=\"https:\/\/cadenaser.com\/estaticos\/recursosgraficos\/responsive\/img\/ico-whatsapp.svg\" alt=\"Whatsapp\">         <p>\u00danete al <b>canal de WhatsApp<\/b> de la SER<\/p>     <\/a> <\/div><\/p>   <p>Entre los talleres habr\u00e1 la posibilidad de entrevistar en directo al almirante Bernat de Sarri\u00e1, renacido gracias a la IA, la escritura tradicional en pluma, la elaboraci\u00f3n de escudos para convertirse en ayudante del se\u00f1or feudal, o el dise\u00f1o de piedras art\u00edsticas. La jornada acabar\u00e1 a las 13:30h con la plantaci\u00f3n del \u00c1rbol de los 700 a\u00f1os en el patio del centro, un elemento que ser\u00e1 decorado con las piedras pintadas por el alumnado con la simbolog\u00eda de Bernat de Sarri\u00e0 y mensajes dirigidos al fundador de Benidorm.<\/p> ","protected":false},"excerpt":{"rendered":"<p>Una feria y muestra medieval ponen el broche este viernes a una serie de experiencias que han acercado a los alumnos la figura del almirante que da el nombra el centro y otorg\u00f3 la Carta Pobla a la ciudad hace 700 a\u00f1os<\/p>\n","protected":false},"author":0,"featured_media":14121,"comment_status":"open","ping_status":"open","sticky":false,"template":"","format":"standard","meta":{"_acf_changed":false,"footnotes":""},"categories":[1],"tags":[],"class_list":["post-14120","post","type-post","status-publish","format-standard","has-post-thumbnail","hentry","category-sin-categoria"],"acf":{"ser_id":"6NKDLWLC6ZALLGRKITSROA6TTU","ser_url":"https:\/\/cadenaser.com\/comunitat-valenciana\/2025\/04\/10\/el-origen-de-benidorm-y-la-inteligencia-artificial-se-dan-la-mano-en-el-proyecto-multidisciplinar-que-concluye-este-viernes-en-el-ies-bernat-de-sarria-radio-benidorm\/"},"_links":{"self":[{"href":"https:\/\/serbenidorm.daliisolutions.com\/index.php\/wp-json\/wp\/v2\/posts\/14120","targetHints":{"allow":["GET"]}}],"collection":[{"href":"https:\/\/serbenidorm.daliisolutions.com\/index.php\/wp-json\/wp\/v2\/posts"}],"about":[{"href":"https:\/\/serbenidorm.daliisolutions.com\/index.php\/wp-json\/wp\/v2\/types\/post"}],"replies":[{"embeddable":true,"href":"https:\/\/serbenidorm.daliisolutions.com\/index.php\/wp-json\/wp\/v2\/comments?post=14120"}],"version-history":[{"count":0,"href":"https:\/\/serbenidorm.daliisolutions.com\/index.php\/wp-json\/wp\/v2\/posts\/14120\/revisions"}],"wp:featuredmedia":[{"embeddable":true,"href":"https:\/\/serbenidorm.daliisolutions.com\/index.php\/wp-json\/wp\/v2\/media\/14121"}],"wp:attachment":[{"href":"https:\/\/serbenidorm.daliisolutions.com\/index.php\/wp-json\/wp\/v2\/media?parent=14120"}],"wp:term":[{"taxonomy":"category","embeddable":true,"href":"https:\/\/serbenidorm.daliisolutions.com\/index.php\/wp-json\/wp\/v2\/categories?post=14120"},{"taxonomy":"post_tag","embeddable":true,"href":"https:\/\/serbenidorm.daliisolutions.com\/index.php\/wp-json\/wp\/v2\/tags?post=14120"}],"curies":[{"name":"wp","href":"https:\/\/api.w.org\/{rel}","templated":true}]}}