{"id":14133,"date":"2025-04-11T20:45:01","date_gmt":"2025-04-11T18:45:01","guid":{"rendered":"https:\/\/serbenidorm.daliisolutions.com\/index.php\/2025\/04\/11\/la-ultima-hora-eleva-25-puntos-la-ocupacion-prevista-en-benidorm-para-semana-santa\/"},"modified":"2025-04-11T20:45:01","modified_gmt":"2025-04-11T18:45:01","slug":"la-ultima-hora-eleva-25-puntos-la-ocupacion-prevista-en-benidorm-para-semana-santa","status":"publish","type":"post","link":"https:\/\/serbenidorm.daliisolutions.com\/index.php\/2025\/04\/11\/la-ultima-hora-eleva-25-puntos-la-ocupacion-prevista-en-benidorm-para-semana-santa\/","title":{"rendered":"La \u00faltima hora eleva 2,5 puntos la ocupaci\u00f3n prevista en Benidorm para Semana Santa"},"content":{"rendered":"  <p><div data-adtype=\"MLDB\"><\/div><\/p>   <p>Benidorm<\/p>   <p>Los reservas de \u00faltima hora, principalmente procedentes del mercado nacional, han elevado las previsiones de ocupaci\u00f3n que inicialmente ten\u00eda HOSBEC para Semana Santa en 2,5 puntos. <\/p>   <p>En <a href=\"https:\/\/radiobenidorm.es\" target=\"_blank\" rel=\"nofollow\" title=\"https:\/\/radiobenidorm.es\">Hoy por Hoy Benidorm<\/a> la directora ejecutiva de HOSBEC, Maite Garc\u00eda, ha detallado que la \u00faltima actualizaci\u00f3n del volumen de reservas sit\u00faa las camas ocupadas rozando el 81% en todo el periodo de Semana Santa desde el 11 al 21 de abril frente al 78,3% que se barajaba a principios de semana. <\/p>   <p>Asimismo, suben tambi\u00e9n las previsiones de reservas en los \u201cd\u00edas clave\u201d del periodo festivo, desde Jueves Santo hasta Domingo de Pascual (17 al 20 de abril) \u201cdonde ya estamos rozando el 83% de ocupaci\u00f3n prevista\u201d frente a unas previsiones iniciales del 81%. <\/p>   <p>Este incremento lo atribuye Garc\u00eda eminentemente al mercando nacional que terminar\u00e1 \u201cocupando el 60% de las plazas hoteleras esta Semana Santa\u201d aunque recuerda que el mercado internacional, principalmente brit\u00e1nico, \u201cha hecho sus deberes y ya tenia sus reservas con mayor antelaci\u00f3n lo que nos permite tener una mayor seguridad y no depender tanto de la \u00faltima hora\u201d. <\/p>   <p>En cualquier caso la directora ejecutiva de HOSBEC apunta a que <a href=\"https:\/\/cadenaser.com\/comunitat-valenciana\/2025\/04\/03\/los-hoteles-de-benidorm-auguran-una-gran-semana-santa-radio-benidorm\/\" target=\"_blank\" rel=\"nofollow\" title=\"https:\/\/cadenaser.com\/comunitat-valenciana\/2025\/04\/03\/los-hoteles-de-benidorm-auguran-una-gran-semana-santa-radio-benidorm\/\">\u201cel mercado nacional est\u00e1 a\u00fan pendiente del tiempo\u201d<\/a> y que el sector todav\u00eda conf\u00eda en que el factor clim\u00e1tico pueda estimular aun m\u00e1s las confirmaciones de ultima hora y las reservas puedan elevarse todav\u00eda alg\u00fan punto m\u00e1s por lo que \u201ccreemos que podemos llegar al 85% de ocupaci\u00f3n tranquilamente\u201d. <\/p>   <p>     .c-w {         max-width: 662px;         width: 100%;         margin:12px 0 24px auto;         background: #00755E;         border-radius: 99px;         display: flex;         align-items: center;         justify-content: center;     }     .c-w:hover {         background-color:#6CB3A5;     }      .c-w a {         display: flex;         align-items: center;         justify-content: center;         padding: 6px 0;         width:100%;     }      .c-w img {         width: 24px;         margin-right: 12px;     }      .c-w p {         font: 18px\/30px Poppins;         text-align: center;         color: #fff;         margin: 0;     }      @media (max-width:444px) {         .c-w a {             padding: 4px 12px;         }          .c-w img {             width: 24px;             margin-right: 8px;         }          .c-w p {             font: 14px\/25px Poppins;         }     }      @media (max-width:335px) {         .c-w p {             font: 13px\/25px Poppins;         }     }  <div class=\"c-w\"> <a href=\"https:\/\/www.whatsapp.com\/channel\/0029Va633PF9WtC4l7XUzh1e\" rel=\"nofollow\" target=\"_blank\">         <img decoding=\"async\" src=\"https:\/\/cadenaser.com\/estaticos\/recursosgraficos\/responsive\/img\/ico-whatsapp.svg\" alt=\"Whatsapp\">         <p>\u00danete al <b>canal de WhatsApp<\/b> de la SER<\/p>     <\/a> <\/div><\/p>   <p>Asimismo, destaca que <a href=\"https:\/\/cadenaser.com\/comunitat-valenciana\/2025\/04\/10\/las-viviendas-turisticas-de-benidorm-superan-las-previsiones-de-los-hoteles-para-esta-semana-santa-radio-benidorm\/\" target=\"_blank\" rel=\"nofollow\" title=\"https:\/\/cadenaser.com\/comunitat-valenciana\/2025\/04\/10\/las-viviendas-turisticas-de-benidorm-superan-las-previsiones-de-los-hoteles-para-esta-semana-santa-radio-benidorm\/\">el factor transporte tambi\u00e9n condiciona los plazos de reservas seg\u00fan mercados<\/a> puesto que los turistas nacionales \u201cvienen principalmente en su veh\u00edculo propio y esto les permite decidir sus desplazamientos con menor antelaci\u00f3n, mientras que el mercado internacional debe reservar sus vuelos con m\u00e1s tiempo\u201d. <\/p>   <p>Por procedencias se espera que, dentro del mercado nacional, sean madrile\u00f1os y manchegos los principales visitantes dentro de los primeros d\u00edas de Semana Santa mientras que el turista de proximidad valenciano o de Murcia y el del norte de Espa\u00f1a vendr\u00e1n en la segunda mitad de la Pascua. <\/p>   <p>En cuanto al mercado internacional el protagonista sigue siendo el turista brit\u00e1nico aunque HOSBEC viene apreciando un incremento de turistas polacos, italianos o alemanes.<\/p>   <p> <\/p>   <p> <\/p>   <p> <\/p>   <p> <\/p>   <p> <\/p>   <p> <\/p>   <p> <\/p> ","protected":false},"excerpt":{"rendered":"<p>HOSBEC conf\u00eda en el mercado nacional para alcanzar el 85% de camas ocupadas<\/p>\n","protected":false},"author":0,"featured_media":14134,"comment_status":"open","ping_status":"open","sticky":false,"template":"","format":"standard","meta":{"_acf_changed":false,"footnotes":""},"categories":[1],"tags":[],"class_list":["post-14133","post","type-post","status-publish","format-standard","has-post-thumbnail","hentry","category-sin-categoria"],"acf":{"ser_id":"MS7JIGQ6EVER7M7VJ2D7LYAPPQ","ser_url":"https:\/\/cadenaser.com\/comunitat-valenciana\/2025\/04\/11\/la-ultima-hora-eleva-25-puntos-la-ocupacion-prevista-en-benidorm-para-semana-santa-radio-benidorm\/"},"_links":{"self":[{"href":"https:\/\/serbenidorm.daliisolutions.com\/index.php\/wp-json\/wp\/v2\/posts\/14133","targetHints":{"allow":["GET"]}}],"collection":[{"href":"https:\/\/serbenidorm.daliisolutions.com\/index.php\/wp-json\/wp\/v2\/posts"}],"about":[{"href":"https:\/\/serbenidorm.daliisolutions.com\/index.php\/wp-json\/wp\/v2\/types\/post"}],"replies":[{"embeddable":true,"href":"https:\/\/serbenidorm.daliisolutions.com\/index.php\/wp-json\/wp\/v2\/comments?post=14133"}],"version-history":[{"count":0,"href":"https:\/\/serbenidorm.daliisolutions.com\/index.php\/wp-json\/wp\/v2\/posts\/14133\/revisions"}],"wp:featuredmedia":[{"embeddable":true,"href":"https:\/\/serbenidorm.daliisolutions.com\/index.php\/wp-json\/wp\/v2\/media\/14134"}],"wp:attachment":[{"href":"https:\/\/serbenidorm.daliisolutions.com\/index.php\/wp-json\/wp\/v2\/media?parent=14133"}],"wp:term":[{"taxonomy":"category","embeddable":true,"href":"https:\/\/serbenidorm.daliisolutions.com\/index.php\/wp-json\/wp\/v2\/categories?post=14133"},{"taxonomy":"post_tag","embeddable":true,"href":"https:\/\/serbenidorm.daliisolutions.com\/index.php\/wp-json\/wp\/v2\/tags?post=14133"}],"curies":[{"name":"wp","href":"https:\/\/api.w.org\/{rel}","templated":true}]}}