{"id":14135,"date":"2025-04-11T20:45:04","date_gmt":"2025-04-11T18:45:04","guid":{"rendered":"https:\/\/serbenidorm.daliisolutions.com\/index.php\/2025\/04\/11\/programa-de-la-semana-santa-2025-en-benidorm-villajoyosa-y-altea\/"},"modified":"2025-04-11T20:45:04","modified_gmt":"2025-04-11T18:45:04","slug":"programa-de-la-semana-santa-2025-en-benidorm-villajoyosa-y-altea","status":"publish","type":"post","link":"https:\/\/serbenidorm.daliisolutions.com\/index.php\/2025\/04\/11\/programa-de-la-semana-santa-2025-en-benidorm-villajoyosa-y-altea\/","title":{"rendered":"Programa de la Semana Santa 2025 en Benidorm, Villajoyosa y Altea"},"content":{"rendered":"  <p><div data-adtype=\"MLDB\"><\/div><\/p>   <p>Benidorm<\/p>   <p>La Marina Baixa se encuentra ya inmersa en los preparativos de una Semana Santa en la que Benidorm, Villajoyosa o Altea van a desarrollar, por ejemplo, un amplio programa de actividades lit\u00fargicas, culturales y participativas con el objetivo de preservar las tradiciones y atraer tanto a vecinos como a visitantes, dado que <a href=\"https:\/\/cadenaser.com\/comunitat-valenciana\/2025\/04\/10\/las-viviendas-turisticas-de-benidorm-superan-las-previsiones-de-los-hoteles-para-esta-semana-santa-radio-benidorm\/\" target=\"_blank\">se espera una ocupaci\u00f3n superior al 80 % tanto en hoteles como en viviendas tur\u00edsticas<\/a>. Un programa que puedes consultar al detalle por municipios aqu\u00ed:<\/p>   <p><a href=\"https:\/\/cadenaser.com\/tag\/benidorm\/a\/\" target=\"_blank\">Benidorm<\/a><\/p>   <p><li>13 de ABRIL: DOMINGO DE RAMOS<\/li><\/p>   <p>Entre las 11:00 y las 12:00 horas. PROCESI\u00d3N DE RAMOS y Santa Misa en cada una de las parroquias.<\/p>   <p>20:00 horas. PROCESI\u00d3N DE LA REAL COFRAD\u00cdA DE NTRA. SRA. ESPERANZA Y DE LA PAZ. Estaci\u00f3n de Penitencia con Ntro Padre Jes\u00fas de la Salud y Humildad y Ntra. Sra. de La Esperanza y de La Paz. Salida: Parroquia del Buen Pastor. Itinerario: Puig Campana, Rold\u00e1n, Almendros, Limones, Maravall, Apolo XI, Jazm\u00edn, Plaza de Espa\u00f1a, Puig Campana, para finalizar en el interior de la Iglesia.<\/p>   <p><li>16 de ABRIL: MI\u00c9RCOLES SANTO<\/li><\/p>   <p>22:00 horas. PROCESI\u00d3N DE LA COFRAD\u00cdA DE NUESTRO PADRE JES\u00daS NAZARENO. Salida de la Parroquia de San Jaime y Santa Ana. Itinerario: Plaza de San Jaime, Mayor, Alameda, Plaza de la Cruz, Ruzafa, La Biga, Tom\u00e1s Ortu\u00f1o, Apolo XI, Almendros, Paseo de la Carretera, Santa Faz y Plaza de San Jaime.<\/p>   <p><li>17 de ABRIL: JUEVES SANTO<\/li><\/p>   <p>21:00 horas. PROCESI\u00d3N DEL SILENCIO. Procesi\u00f3n conjunta de la Hermandad Sacramental de la Santa Cena, de la Cofrad\u00eda del Stmo. Cristo del Perd\u00f3n y de la Buena Muerte y la Virgen de los Dolores. Salida Parroquia de Ntra. Sra. de la Almudena. Itinerario: Gin\u00e9s Cartagena, Capit\u00e1n Cort\u00e9s, Paseo de la Castellana, Vel\u00e1zquez, Acacias, Goya, Jardines, y Gin\u00e9s Cartagena, para acabar en el interior de la Iglesia.<\/p>   <p>     .c-w {         max-width: 662px;         width: 100%;         margin:12px 0 24px auto;         background: #00755E;         border-radius: 99px;         display: flex;         align-items: center;         justify-content: center;     }     .c-w:hover {         background-color:#6CB3A5;     }      .c-w a {         display: flex;         align-items: center;         justify-content: center;         padding: 6px 0;         width:100%;     }      .c-w img {         width: 24px;         margin-right: 12px;     }      .c-w p {         font: 18px\/30px Poppins;         text-align: center;         color: #fff;         margin: 0;     }      @media (max-width:444px) {         .c-w a {             padding: 4px 12px;         }          .c-w img {             width: 24px;             margin-right: 8px;         }          .c-w p {             font: 14px\/25px Poppins;         }     }      @media (max-width:335px) {         .c-w p {             font: 13px\/25px Poppins;         }     }  <div class=\"c-w\"> <a href=\"https:\/\/www.whatsapp.com\/channel\/0029Va633PF9WtC4l7XUzh1e\" rel=\"nofollow\" target=\"_blank\">         <img decoding=\"async\" src=\"https:\/\/cadenaser.com\/estaticos\/recursosgraficos\/responsive\/img\/ico-whatsapp.svg\" alt=\"Whatsapp\">         <p>\u00danete al <b>canal de WhatsApp<\/b> de la SER<\/p>     <\/a> <\/div><\/p>   <p>21:00 horas. SOLEMNE PROCESI\u00d3N DE LA COFRAD\u00cdA ORACI\u00d3N DE JES\u00daS EN EL HUERTO DE GETSEMANI. Salida de la Parroquia de San Juan Bautista. Itinerario: Plaza de las Tiendas, Pajares, Mont-Benidorm, Vicente Llorca Al\u00f2s, Vinaroz, Santander, Mont-Benidorm, Pajares y Plaza de las Tiendas, para finalizar en el interior de la Iglesia.<\/p>   <p>23:30 horas. Hora Santa y V\u00eda Crucis por las calles adyacentes a la Iglesia de San Jaime y Santa Ana.<\/p>   <p><li>18 de ABRIL: VIERNES SANTO<\/li><\/p>   <p>07:00 horas. Salida de la Parroquia de San Jaime y Santa Ana hacia el Monte Calvario, donde tiene lugar el V\u00eda Crucis y Serm\u00f3n de las Siete Palabras.<\/p>   <p>20:30 horas. PROCESI\u00d3N GENERAL DEL SANTO ENTIERRO. Salida de la Parroquia de San Jaime y Santa Ana. En esta Procesi\u00f3n tambi\u00e9n participan todas las Cofrad\u00edas y Hermandades de Benidorm. Itinerario: Plaza de San Jaime, Mayor, Alameda, Los \u00c1ngeles, Pintor Lozano, Metge P\u00e9rez Martorell, Mart\u00ednez Alejos, Paseo de la Carretera, Santa Faz y Plaza de San Jaime.<\/p>   <p>23:00 horas. V\u00eda Crucis Penitencial con salida de la Parroquia de San Juan Bautista y llegada a la Ermita de la Virgen del Mar, en lo alto del Tossal de la Cala.<\/p>   <p><li>20 de ABRIL: DOMINGO DE RESURRECCI\u00d3N<\/li><\/p>   <p>08:00 horas. La Embajada. Salida de la Iglesia de San Jaime y Santa Ana de la Cofrad\u00eda Ntra. Se\u00f1ora de los Dolores con los tronos del Se\u00f1or Resucitado y la Sant\u00edsima Virgen hacia la Alameda, en la solemne PROCESI\u00d3N DEL ENCUENTRO.<\/p>   <p><a href=\"https:\/\/cadenaser.com\/tag\/vila_joiosa\/a\/\" target=\"_blank\">Villajoyosa <\/a><\/p>   <p><li>13 de ABRIL: DOMINGO DE RAMOS<\/li><\/p>   <p>Bendici\u00f3n de palmas en la capilla de la Sant\u00edsima Trinidad. A continuaci\u00f3n Procesi\u00f3n de Jes\u00fas Triunfante (\u00abla burreta\u00bb)<br \/> <br \/> Recorrido: Calle Pelayo \u2192 R\u00edo Amadorio (a la altura de su desembocadura) \u2192 Plaza San Crist\u00f3bal \u2192 Casco antiguo \u2192 Plaza de la Iglesia.<\/p>   <p><li>14 de ABRIL: LUNES SANTO<\/li><\/p>   <p>Procesi\u00f3n de la cofrad\u00eda de Nuestra Se\u00f1ora de la Caridad por las calles del barrio antiguo.<\/p>   <p><li>15 de ABRIL: MARTES SANTO<\/li><\/p>   <p>Bajada del Nazareno (traslado m\u00e1s antiguo de Villajoyosa). Salida desde la Ermita de San Antonio Abad. Recorrido acompa\u00f1ado por centenares de vecinos hasta la iglesia de Nuestra Se\u00f1ora de la Asunci\u00f3n.<\/p>   <p><li>16 de ABRIL: MI\u00c9RCOLES SANTO<\/li><\/p>   <p>Procesi\u00f3n del Silencio con la cofrad\u00eda Cristo de la Fe. Salida desde la ermita de San Bartolom\u00e9 (barrio del Pati Fosc). Recorrido por calles del centro urbano hasta la iglesia de Nuestra Se\u00f1ora de la Asunci\u00f3n. Las calles permanecer\u00e1n a oscuras, iluminadas solo por los cirios. El silencio solo ser\u00e1 interrumpido por el ritmo de un tambor<\/p>   <p><li>17 de ABRIL: JUEVES SANTO<\/li><\/p>   <p>Procesi\u00f3n del Ecce Homo con la imagen del \u201cSenyor de la Canyeta\u201d. Recorrido: Desde la calle Camino Viejo de Valencia \u2192 Calle Col\u00f3n \u2192 Iglesia de Nuestra Se\u00f1ora de la Asunci\u00f3n.<\/p>   <p><li>18 de ABRIL: VIERNES SANTO<\/li><\/p>   <p>06:00 h.- Procesi\u00f3n de la Santa Mujer Ver\u00f3nica. Salida desde la iglesia de la Virgen del Carmen. Recorrido por la calle Col\u00f3n hasta la plaza de la Generalitat. Encuentro con la imagen del Nazareno que desciende desde la iglesia de Nuestra Se\u00f1ora de la Asunci\u00f3n.<\/p>   <p>Procesi\u00f3n del Calvario. Participan las cofrad\u00edas: Ecce Homo, Santa Mujer Ver\u00f3nica, Nuestro Padre Jes\u00fas Nazareno, Cristo de la Fe. Recorrido: Desde la iglesia de Nuestra Se\u00f1ora de la Asunci\u00f3n hasta la Ermita de la Virgen de la Salud. Se celebrar\u00e1 el Viacrucis y el serm\u00f3n de las siete palabras.<\/p>   <p>Por la tarde Solemne procesi\u00f3n del Santo Entierro. Salida desde la plaza de la Generalitat. Participan las cofrad\u00edas: Jes\u00fas Cautivo, Santa Mujer Ver\u00f3nica, Nuestro Padre Jes\u00fas Nazareno, Cristo de la Fe, Nuestra Se\u00f1ora de la Caridad, Santo Sepulcro y Nuestra Se\u00f1ora de los Dolores. Llegada a la iglesia de Nuestra Se\u00f1ora de la Asunci\u00f3n.<\/p>   <p><li>20 de ABRIL: DOMINGO DE RESURRECCI\u00d3N<\/li><\/p>   <p>Cofrad\u00eda Resurrecci\u00f3n y Gloria parte de la ermita de San Bartolom\u00e9 con la imagen de Jes\u00fas Resucitado.<br \/> <br \/> Cofrad\u00eda Virgen de los Dolores parte del templo Cristo Resucitado con la imagen de la Virgen de Gloria.<\/p>   <p>Encuentro en la esquina de la calle Barranquet con avenida de Benidorm (finca de la Barbera). Representaci\u00f3n del \u201cangelet\u201d por el ni\u00f1o Gaspar Galiana Llinares. Tras el verso, encuentro entre Jes\u00fas Resucitado y la Virgen. Procesi\u00f3n alegre hasta el templo Cristo Resucitado, acompa\u00f1ada por aleluyas y \u201cxiulets\u201d.<\/p>   <p><li>28 de ABRIL: SAN VICENTE FERRER<\/li><\/p>   <p>A primera hora de la ma\u00f1ana Procesi\u00f3n del Sant\u00edsimo Sacramento (\u201cprocess\u00f3 dels combregats\u201d). Recorrido por las calles donde residen vecinos enfermos.<\/p>   <p><a href=\"https:\/\/cadenaser.com\/tag\/altea\/a\/\" target=\"_blank\">Altea<b> <\/b><\/a><\/p>   <p><li>13 de ABRIL: DOMINGO DE RAMOS<\/li><\/p>   <p>Bendici\u00f3n de Palmas.<\/p>   <p><li>16 de ABRIL: MI\u00c9RCOLES SANTO<\/li><\/p>   <p>19.45 Procesi\u00f3n Infantil de la Virgen de la Esperanza y Cristo Rescatado en la Iglesia Parroquial.<\/p>   <p><li>17 de ABRIL: JUEVES SANTO<\/li><\/p>   <p>Misa de la Cena del Se\u00f1or y oraci\u00f3n ante el Monumento 18.00 en Iglesia de San Francisco. 24:00 h Solemne Via crucis, con salida desde la Iglesia Parroquial, con representaci\u00f3n de 5 escenas a cargo del grupo teatral \u201cPla i Rev\u00e9s\u201d.<\/p>   <p><li>18 de ABRIL: VIERNES SANTO<\/li><\/p>   <p>Procesi\u00f3n del Santo Entierro 19.00 desde Iglesia Parroquial.<\/p>   <p><li>19 de ABRIL: S\u00c1BADO SANTO<\/li><\/p>   <p>22.00 Vigilia Pasqual en Iglesia Parroquial y 24:00 Procesi\u00f3n del Encuentro con el Resucitado.<\/p>   <p><li>20 de ABRIL: DOMINGO DE PASCUA<\/li><\/p>   <p>Misa en las diferentes iglesias del municipio.<\/p> ","protected":false},"excerpt":{"rendered":"<p>La Marina Baixa se prepara para una Pascua repleta de tradici\u00f3n y cultura popular<\/p>\n","protected":false},"author":0,"featured_media":14136,"comment_status":"open","ping_status":"open","sticky":false,"template":"","format":"standard","meta":{"_acf_changed":false,"footnotes":""},"categories":[1],"tags":[],"class_list":["post-14135","post","type-post","status-publish","format-standard","has-post-thumbnail","hentry","category-sin-categoria"],"acf":{"ser_id":"PMNDJ2VEGZBBBJL2IJO7G6HK6M","ser_url":"https:\/\/cadenaser.com\/comunitat-valenciana\/2025\/04\/11\/programa-de-la-semana-santa-2025-en-benidorm-villajoyosa-y-altea-radio-benidorm\/"},"_links":{"self":[{"href":"https:\/\/serbenidorm.daliisolutions.com\/index.php\/wp-json\/wp\/v2\/posts\/14135","targetHints":{"allow":["GET"]}}],"collection":[{"href":"https:\/\/serbenidorm.daliisolutions.com\/index.php\/wp-json\/wp\/v2\/posts"}],"about":[{"href":"https:\/\/serbenidorm.daliisolutions.com\/index.php\/wp-json\/wp\/v2\/types\/post"}],"replies":[{"embeddable":true,"href":"https:\/\/serbenidorm.daliisolutions.com\/index.php\/wp-json\/wp\/v2\/comments?post=14135"}],"version-history":[{"count":0,"href":"https:\/\/serbenidorm.daliisolutions.com\/index.php\/wp-json\/wp\/v2\/posts\/14135\/revisions"}],"wp:featuredmedia":[{"embeddable":true,"href":"https:\/\/serbenidorm.daliisolutions.com\/index.php\/wp-json\/wp\/v2\/media\/14136"}],"wp:attachment":[{"href":"https:\/\/serbenidorm.daliisolutions.com\/index.php\/wp-json\/wp\/v2\/media?parent=14135"}],"wp:term":[{"taxonomy":"category","embeddable":true,"href":"https:\/\/serbenidorm.daliisolutions.com\/index.php\/wp-json\/wp\/v2\/categories?post=14135"},{"taxonomy":"post_tag","embeddable":true,"href":"https:\/\/serbenidorm.daliisolutions.com\/index.php\/wp-json\/wp\/v2\/tags?post=14135"}],"curies":[{"name":"wp","href":"https:\/\/api.w.org\/{rel}","templated":true}]}}