{"id":14137,"date":"2025-04-11T20:45:06","date_gmt":"2025-04-11T18:45:06","guid":{"rendered":"https:\/\/serbenidorm.daliisolutions.com\/index.php\/2025\/04\/11\/asi-llegan-las-playas-de-benidorm-y-la-marina-baixa-a-la-semana-santa\/"},"modified":"2025-04-11T20:45:06","modified_gmt":"2025-04-11T18:45:06","slug":"asi-llegan-las-playas-de-benidorm-y-la-marina-baixa-a-la-semana-santa","status":"publish","type":"post","link":"https:\/\/serbenidorm.daliisolutions.com\/index.php\/2025\/04\/11\/asi-llegan-las-playas-de-benidorm-y-la-marina-baixa-a-la-semana-santa\/","title":{"rendered":"As\u00ed llegan las playas de Benidorm y la Marina Baixa a la Semana Santa"},"content":{"rendered":"  <p><div data-adtype=\"MLDB\"><\/div><\/p>   <p>Benidorm<\/p>   <p>Esta Semana Santa puede ser para muchos la ocasi\u00f3n de darse el primer ba\u00f1o del a\u00f1o en el mar. Con todas las previsiones apuntando a un importante desembarco de turistas, especialmente a partir de Jueves Santo, los ayuntamientos de la Marina Baixa ultiman los planes para que sus playas ofrezcan el mejor aspecto.<\/p>   <p>En <a href=\"https:\/\/cadenaser.com\/tag\/altea\/a\/\" target=\"_blank\">Altea<\/a> no habr\u00e1 todav\u00eda servicio de socorrismo, el \u00faltimo contrato no contempla este periodo, pero s\u00ed se ha estado trabajando en adecuar todo su litoral y quedan los trabajos en la playa del bol, como ha se\u00f1alado la concejala de Infraestructuras Aurora Serrat: \u00abTrabajando para dejar playas tan peculiares de canto rodado en perfectas condiciones\u00bb.<\/p>  <p><p>M\u00e1s informaci\u00f3n<\/p><figure><img loading=\"lazy\" decoding=\"async\" src=\"https:\/\/cadenaser.com\/resizer\/v2\/G2VKOX4ON5GLXAJPV2SOQY5P5Y.jpg?auth=7bf6588248e4a80a896a212e54af39441766cd540c6a05182dc3e049c2298dcf&amp;quality=70&amp;width=360&amp;height=202&amp;smart=true\" width=\"820\" height=\"621\" \/><\/figure><ul><li><a href=\"https:\/\/cadenaser.com\/comunitat-valenciana\/2025\/04\/11\/programa-de-la-semana-santa-2025-en-benidorm-villajoyosa-y-altea-radio-benidorm\/\"><span>Programa de la Semana Santa 2025 en Benidorm, Villajoyosa y Altea<\/span><\/a><\/li><\/ul><\/p>   <p>En la playa del<a href=\"https:\/\/cadenaser.com\/tag\/lalfas_del_pi\/a\/\" target=\"_blank\"> Albir<\/a> s\u00ed hay socorrismo y la obra para peatonalizar el paseo de las Estrellas se paraliza durante los principales d\u00edas de esta pascua. Su responsable, Luis Miguel Morant, asegura que la intervenci\u00f3n no afectar\u00e1 a la actividad de la hosteler\u00eda.<\/p>   <p>En<a href=\"https:\/\/cadenaser.com\/tag\/benidorm\/a\/\" target=\"_blank\"> Benidorm<\/a>, una de las pocas ciudades del pa\u00eds donde hay socorrismo todo el a\u00f1o, se ampl\u00eda el horario de este servicio hasta las siete de la tarde. A destacar tambi\u00e9n que van a abrir ya los tres puntos en los que se facilita el ba\u00f1o a las personas con problemas de movilidad ubicados en la calle Murcia \u2013Levante\u2013, en el Parque de Elche y en La Cala, en horario de 10.30 a 14.30 horas. M\u00f3nica G\u00f3mez, edil de playas, ha subrayado adem\u00e1s el dispositivo especial de limpieza y seguridad con refuerzos en los dos \u00e1mbitos.<\/p>   <p>En <a href=\"https:\/\/cadenaser.com\/tag\/finestrat\/a\/\" target=\"_blank\">Finestrat<\/a> tambi\u00e9n habr\u00e1 socorrismo desde este s\u00e1bado y hasta el 28 de abril y en <a href=\"https:\/\/cadenaser.com\/tag\/vila_joiosa\/a\/\" target=\"_blank\">La Vila Joiosa<\/a>, donde ya ha empezado el servicio diario de limpieza, el de vigilancia lo har\u00e1 el d\u00eda 17, Jueves Santo. <br \/> <\/p>   <p>     .c-w {         max-width: 662px;         width: 100%;         margin:12px 0 24px auto;         background: #00755E;         border-radius: 99px;         display: flex;         align-items: center;         justify-content: center;     }     .c-w:hover {         background-color:#6CB3A5;     }      .c-w a {         display: flex;         align-items: center;         justify-content: center;         padding: 6px 0;         width:100%;     }      .c-w img {         width: 24px;         margin-right: 12px;     }      .c-w p {         font: 18px\/30px Poppins;         text-align: center;         color: #fff;         margin: 0;     }      @media (max-width:444px) {         .c-w a {             padding: 4px 12px;         }          .c-w img {             width: 24px;             margin-right: 8px;         }          .c-w p {             font: 14px\/25px Poppins;         }     }      @media (max-width:335px) {         .c-w p {             font: 13px\/25px Poppins;         }     }  <div class=\"c-w\"> <a href=\"https:\/\/www.whatsapp.com\/channel\/0029Va633PF9WtC4l7XUzh1e\" rel=\"nofollow\" target=\"_blank\">         <img decoding=\"async\" src=\"https:\/\/cadenaser.com\/estaticos\/recursosgraficos\/responsive\/img\/ico-whatsapp.svg\" alt=\"Whatsapp\">         <p>\u00danete al <b>canal de WhatsApp<\/b> de la SER<\/p>     <\/a> <\/div><\/p> ","protected":false},"excerpt":{"rendered":"<p>Todas las localidades activan sus servicios de socorrismo salvo Altea<\/p>\n","protected":false},"author":0,"featured_media":14138,"comment_status":"open","ping_status":"open","sticky":false,"template":"","format":"standard","meta":{"_acf_changed":false,"footnotes":""},"categories":[1],"tags":[],"class_list":["post-14137","post","type-post","status-publish","format-standard","has-post-thumbnail","hentry","category-sin-categoria"],"acf":{"ser_id":"6G4S5DXLYJDI3AN3T6CK5XIEKY","ser_url":"https:\/\/cadenaser.com\/comunitat-valenciana\/2025\/04\/11\/asi-llegan-las-playas-de-benidorm-y-la-marina-baixa-a-la-semana-santa-radio-benidorm\/"},"_links":{"self":[{"href":"https:\/\/serbenidorm.daliisolutions.com\/index.php\/wp-json\/wp\/v2\/posts\/14137","targetHints":{"allow":["GET"]}}],"collection":[{"href":"https:\/\/serbenidorm.daliisolutions.com\/index.php\/wp-json\/wp\/v2\/posts"}],"about":[{"href":"https:\/\/serbenidorm.daliisolutions.com\/index.php\/wp-json\/wp\/v2\/types\/post"}],"replies":[{"embeddable":true,"href":"https:\/\/serbenidorm.daliisolutions.com\/index.php\/wp-json\/wp\/v2\/comments?post=14137"}],"version-history":[{"count":0,"href":"https:\/\/serbenidorm.daliisolutions.com\/index.php\/wp-json\/wp\/v2\/posts\/14137\/revisions"}],"wp:featuredmedia":[{"embeddable":true,"href":"https:\/\/serbenidorm.daliisolutions.com\/index.php\/wp-json\/wp\/v2\/media\/14138"}],"wp:attachment":[{"href":"https:\/\/serbenidorm.daliisolutions.com\/index.php\/wp-json\/wp\/v2\/media?parent=14137"}],"wp:term":[{"taxonomy":"category","embeddable":true,"href":"https:\/\/serbenidorm.daliisolutions.com\/index.php\/wp-json\/wp\/v2\/categories?post=14137"},{"taxonomy":"post_tag","embeddable":true,"href":"https:\/\/serbenidorm.daliisolutions.com\/index.php\/wp-json\/wp\/v2\/tags?post=14137"}],"curies":[{"name":"wp","href":"https:\/\/api.w.org\/{rel}","templated":true}]}}