{"id":14139,"date":"2025-04-11T20:45:07","date_gmt":"2025-04-11T18:45:07","guid":{"rendered":"https:\/\/serbenidorm.daliisolutions.com\/index.php\/2025\/04\/11\/dioni-navarro-nuevo-presidente-de-jovempa-marina-baixa\/"},"modified":"2025-04-11T20:45:07","modified_gmt":"2025-04-11T18:45:07","slug":"dioni-navarro-nuevo-presidente-de-jovempa-marina-baixa","status":"publish","type":"post","link":"https:\/\/serbenidorm.daliisolutions.com\/index.php\/2025\/04\/11\/dioni-navarro-nuevo-presidente-de-jovempa-marina-baixa\/","title":{"rendered":"Dioni Navarro, nuevo presidente de Jovempa Marina Baixa"},"content":{"rendered":"  <p><div data-adtype=\"MLDB\"><\/div><\/p>   <p>Benidorm<\/p>   <p>El empresario Dioni Navarro ha sido elegido nuevo presidente al frente de Jovempa Marina Baixa y<a href=\"https:\/\/cadenaser.com\/tag\/benidorm\/a\/\" target=\"_blank\"> sustituye en el cargo a Alejandro G\u00f3mez <\/a>tras la celebraci\u00f3n de la asamblea general extraordinaria de la asociaci\u00f3n de j\u00f3venes empresarios que ha tenido lugar este mediod\u00eda en Benidorm.<\/p>   <p>La concejal de Empleo y Desarrollo Local del Ayuntamiento de Benidorm, M\u00f3nica G\u00f3mez, que ha acudido junto a varios miembros de la corporaci\u00f3n local, ha clausurado el acto y ha afirmado que Jovempa es \u201cejemplo para emprendedores\u201d. La edil, adem\u00e1s, ha avanzado que el Ayuntamiento \u201cseguir\u00e1 adelante con las ayudas a los j\u00f3venes emprendedores de la ciudad\u201d y ha resaltado el \u201cobjetivo com\u00fan\u201d de ambas entidades, que es \u201cpromover el empleo, el autoempleo y el emprendimiento\u201d.<\/p>   <p>G\u00f3mez ha tendido la mano a la nueva directiva \u201cpara seguir trabajando juntos\u201d y les ha animado a \u201cdinamizar la actividad econ\u00f3mica de la comarca y de Benidorm, una ciudad que tiene un gran potencial como lugar de oportunidades\u201d.<\/p>   <p>La titular de Empleo ha finalizado \u201cagradeciendo la labor hecha\u201d por la anterior junta directiva y deseando \u201cmucha suerte a la nueva\u201d. En ese sentido, ha recalcado la \u201cgran implicaci\u00f3n del anterior presidente, Alejandro G\u00f3mez\u201d y a Dioni Navarro le ha augurado que \u201cestar\u00e1s a la altura del list\u00f3n alto que te han dejado y cosechar\u00e1n muchos \u00e9xitos\u201d.<\/p> ","protected":false},"excerpt":{"rendered":"<p>Asamblea general extraordinaria de los j\u00f3venes empresarios<\/p>\n","protected":false},"author":0,"featured_media":14140,"comment_status":"open","ping_status":"open","sticky":false,"template":"","format":"standard","meta":{"_acf_changed":false,"footnotes":""},"categories":[1],"tags":[],"class_list":["post-14139","post","type-post","status-publish","format-standard","has-post-thumbnail","hentry","category-sin-categoria"],"acf":{"ser_id":"CTIZNTE2ARG4LM5L2T5IYBFGUU","ser_url":"https:\/\/cadenaser.com\/comunitat-valenciana\/2025\/04\/11\/dioni-navarro-nuevo-presidente-de-jovempa-marina-baixa-radio-benidorm\/"},"_links":{"self":[{"href":"https:\/\/serbenidorm.daliisolutions.com\/index.php\/wp-json\/wp\/v2\/posts\/14139","targetHints":{"allow":["GET"]}}],"collection":[{"href":"https:\/\/serbenidorm.daliisolutions.com\/index.php\/wp-json\/wp\/v2\/posts"}],"about":[{"href":"https:\/\/serbenidorm.daliisolutions.com\/index.php\/wp-json\/wp\/v2\/types\/post"}],"replies":[{"embeddable":true,"href":"https:\/\/serbenidorm.daliisolutions.com\/index.php\/wp-json\/wp\/v2\/comments?post=14139"}],"version-history":[{"count":0,"href":"https:\/\/serbenidorm.daliisolutions.com\/index.php\/wp-json\/wp\/v2\/posts\/14139\/revisions"}],"wp:featuredmedia":[{"embeddable":true,"href":"https:\/\/serbenidorm.daliisolutions.com\/index.php\/wp-json\/wp\/v2\/media\/14140"}],"wp:attachment":[{"href":"https:\/\/serbenidorm.daliisolutions.com\/index.php\/wp-json\/wp\/v2\/media?parent=14139"}],"wp:term":[{"taxonomy":"category","embeddable":true,"href":"https:\/\/serbenidorm.daliisolutions.com\/index.php\/wp-json\/wp\/v2\/categories?post=14139"},{"taxonomy":"post_tag","embeddable":true,"href":"https:\/\/serbenidorm.daliisolutions.com\/index.php\/wp-json\/wp\/v2\/tags?post=14139"}],"curies":[{"name":"wp","href":"https:\/\/api.w.org\/{rel}","templated":true}]}}