{"id":1416,"date":"2024-01-16T10:41:30","date_gmt":"2024-01-16T09:41:30","guid":{"rendered":"https:\/\/serbenidorm.daliisolutions.com\/index.php\/2024\/01\/16\/el-baloncesto-benidorm-no-remonta-y-pierde-terreno-con-los-lideres\/"},"modified":"2024-01-16T10:41:30","modified_gmt":"2024-01-16T09:41:30","slug":"el-baloncesto-benidorm-no-remonta-y-pierde-terreno-con-los-lideres","status":"publish","type":"post","link":"https:\/\/serbenidorm.daliisolutions.com\/index.php\/2024\/01\/16\/el-baloncesto-benidorm-no-remonta-y-pierde-terreno-con-los-lideres\/","title":{"rendered":"El Baloncesto Benidorm no remonta y pierde terreno con los l\u00edderes"},"content":{"rendered":"  <p>Benidorm<\/p>   <p>El cambio de a\u00f1o parece haberle sentado realmente mal al Servigroup Benidorm de baloncesto, que este fin de semana sufri\u00f3, en este caso ante el Infante, su segunda derrota consecutiva y tercera de todo el curso (81-66) y ve como Gand\u00eda y Archena, los dos equipos con los que hasta hace dos semanas compart\u00eda el liderato, comienzan a abrir hueco en la clasificaci\u00f3n, donde los de \u00d3scar Retortillo siguen tercero, pero ahora con el Elche, cuarto, cada vez m\u00e1s cerca.<\/p>   <p>Como ya sucediera una semana antes, el equipo de Benidorm sufri\u00f3 un dur\u00edsimo castigo en los primeros compases del encuentro que hizo imposible, pese a la reacci\u00f3n vista en el cuarto final, la remontada. De hecho, todo se torci\u00f3 en el primer asalto, que se cerr\u00f3 con un parcial de 32-18 para los murcianos que, adem\u00e1s, antes del descanso tambi\u00e9n se anotaron el segundo cuarto por un m\u00e1s ajustado 16-15.<\/p>   <p>Tras la vuelta del vestuario, las cosas volvieron a venir muy mal dadas para el Servigroup Benidorm, que encaj\u00f3 otro duro parcial de 20-12. Con ese bagaje, y pese a reaccionar en el \u00faltimo periodo (13-21) los de Benidorm acabaron cayendo por el ya mencionado 81-66.<\/p> ","protected":false},"excerpt":{"rendered":"<p>El equipo del Palau d\u2019Esports sufri\u00f3 ante el Infante su segunda derrota consecutiva<\/p>\n","protected":false},"author":0,"featured_media":1417,"comment_status":"open","ping_status":"open","sticky":false,"template":"","format":"standard","meta":{"_acf_changed":false,"footnotes":""},"categories":[16],"tags":[],"class_list":["post-1416","post","type-post","status-publish","format-standard","has-post-thumbnail","hentry","category-deportes"],"acf":{"ser_id":"GYTMMHFJQFBBPPCOVKGTVHW7Z4","ser_url":"https:\/\/cadenaser.com\/comunitat-valenciana\/2024\/01\/15\/el-baloncesto-benidorm-no-remonta-y-pierde-terreno-con-los-lideres-radio-benidorm\/"},"_links":{"self":[{"href":"https:\/\/serbenidorm.daliisolutions.com\/index.php\/wp-json\/wp\/v2\/posts\/1416","targetHints":{"allow":["GET"]}}],"collection":[{"href":"https:\/\/serbenidorm.daliisolutions.com\/index.php\/wp-json\/wp\/v2\/posts"}],"about":[{"href":"https:\/\/serbenidorm.daliisolutions.com\/index.php\/wp-json\/wp\/v2\/types\/post"}],"replies":[{"embeddable":true,"href":"https:\/\/serbenidorm.daliisolutions.com\/index.php\/wp-json\/wp\/v2\/comments?post=1416"}],"version-history":[{"count":0,"href":"https:\/\/serbenidorm.daliisolutions.com\/index.php\/wp-json\/wp\/v2\/posts\/1416\/revisions"}],"wp:featuredmedia":[{"embeddable":true,"href":"https:\/\/serbenidorm.daliisolutions.com\/index.php\/wp-json\/wp\/v2\/media\/1417"}],"wp:attachment":[{"href":"https:\/\/serbenidorm.daliisolutions.com\/index.php\/wp-json\/wp\/v2\/media?parent=1416"}],"wp:term":[{"taxonomy":"category","embeddable":true,"href":"https:\/\/serbenidorm.daliisolutions.com\/index.php\/wp-json\/wp\/v2\/categories?post=1416"},{"taxonomy":"post_tag","embeddable":true,"href":"https:\/\/serbenidorm.daliisolutions.com\/index.php\/wp-json\/wp\/v2\/tags?post=1416"}],"curies":[{"name":"wp","href":"https:\/\/api.w.org\/{rel}","templated":true}]}}