{"id":1418,"date":"2024-01-16T10:41:31","date_gmt":"2024-01-16T09:41:31","guid":{"rendered":"https:\/\/serbenidorm.daliisolutions.com\/index.php\/2024\/01\/16\/felipe-orts-quiere-ser-historico-en-amurrio\/"},"modified":"2024-01-16T10:41:31","modified_gmt":"2024-01-16T09:41:31","slug":"felipe-orts-quiere-ser-historico-en-amurrio","status":"publish","type":"post","link":"https:\/\/serbenidorm.daliisolutions.com\/index.php\/2024\/01\/16\/felipe-orts-quiere-ser-historico-en-amurrio\/","title":{"rendered":"Felipe Orts quiere ser hist\u00f3rico en Amurrio"},"content":{"rendered":"  <p>Benidorm<\/p>   <p>S\u00f3lo dos corredores, Jos\u00e9 Luis Talamillo (1958, 1959, 1960, 1962, 1963 y 1965) y David Seco (2000, 2001, 2002, 2003, 2004 y 2006) han ganado m\u00e1s campeonatos de Espa\u00f1a de ciclocross que el vilero Felipe Orts que, con 28 a\u00f1os, se encuentra inmerso en la mejor campa\u00f1a de su vida y que se ha ganado, por derecho propio, ser considerado el mejor especialista espa\u00f1ol de todos los tiempos.<\/p>   <p>Despu\u00e9s de arrancar el pasado d\u00eda 1 de enero su andadura en su propio equipo, La Vila Joiosa-N\u00e9teo, Orts viaja este fin de semana a Amurrio con la \u00fanica misi\u00f3n de igualar ese registro de seis t\u00edtulos nacionales y con la posibilidad de ser el primer ciclista en poder anot\u00e1rselos de manera consecutiva.<\/p>   <p>Tras lo visto el pasado fin de semana en Gullegem y Zonhoven, Felipe Orts patir\u00e1 este domingo como el claro favorito a la victoria toda vez que el que podr\u00eda ser considerado su principal rival, el c\u00e1ntabro Kevin Su\u00e1rez, se ha mostrado consistentemente un escal\u00f3n por debajo del vilero.<\/p>   <p>En cualquier caso, el propio Felipe Orts se ha encargado de lanzar un mensaje de calma a sus aficionados recordando que \u201clas carreras se ganan en la meta, nunca antes de salir\u201d. De hecho, el corredor del La Vila Joiosa-N\u00e9teo siempre ha reconocido que el Campeonato de Espa\u00f1a es la prueba que m\u00e1s presi\u00f3n le genera, precisamente, por ese claro favoritismo del que goza y a la que, por lo tanto, m\u00e1s nervioso llega.<\/p>   <p>Y todo ello, a s\u00f3lo una semana de la celebraci\u00f3n, en los parques de El Moralet y Foietes, de la otra gran cita del calendario del ciclocross espa\u00f1ol desde su primera edici\u00f3n el pasado a\u00f1o: la Copa del Mundo de Benidorm.<\/p>   <p>Este domingo ser\u00e1 la primera vez \u2013y posiblemente \u00faltima\u2013 que veamos a Felipe Orts correr con los colores \u2018oficiales\u2019 de su nuevo equipo, La Vila Joiosa-N\u00e9teo, ya que la intenci\u00f3n del vilero es regresar a Benidorm enfundado en el maillot rojigualda de campe\u00f3n de Espa\u00f1a.<\/p> ","protected":false},"excerpt":{"rendered":"<p>El ciclista de La Vila Joiosa aspira a igualar a David Seco y Jos\u00e9 Luis Talamillo con seis t\u00edtulos de Campe\u00f3n de Espa\u00f1a<\/p>\n","protected":false},"author":0,"featured_media":1419,"comment_status":"open","ping_status":"open","sticky":false,"template":"","format":"standard","meta":{"_acf_changed":false,"footnotes":""},"categories":[16],"tags":[],"class_list":["post-1418","post","type-post","status-publish","format-standard","has-post-thumbnail","hentry","category-deportes"],"acf":{"ser_id":"TM5XREWVLFEH7LKPPGZE4FQHAQ","ser_url":"https:\/\/cadenaser.com\/comunitat-valenciana\/2024\/01\/12\/felipe-orts-quiere-ser-historico-en-amurrio-radio-benidorm\/"},"_links":{"self":[{"href":"https:\/\/serbenidorm.daliisolutions.com\/index.php\/wp-json\/wp\/v2\/posts\/1418","targetHints":{"allow":["GET"]}}],"collection":[{"href":"https:\/\/serbenidorm.daliisolutions.com\/index.php\/wp-json\/wp\/v2\/posts"}],"about":[{"href":"https:\/\/serbenidorm.daliisolutions.com\/index.php\/wp-json\/wp\/v2\/types\/post"}],"replies":[{"embeddable":true,"href":"https:\/\/serbenidorm.daliisolutions.com\/index.php\/wp-json\/wp\/v2\/comments?post=1418"}],"version-history":[{"count":0,"href":"https:\/\/serbenidorm.daliisolutions.com\/index.php\/wp-json\/wp\/v2\/posts\/1418\/revisions"}],"wp:featuredmedia":[{"embeddable":true,"href":"https:\/\/serbenidorm.daliisolutions.com\/index.php\/wp-json\/wp\/v2\/media\/1419"}],"wp:attachment":[{"href":"https:\/\/serbenidorm.daliisolutions.com\/index.php\/wp-json\/wp\/v2\/media?parent=1418"}],"wp:term":[{"taxonomy":"category","embeddable":true,"href":"https:\/\/serbenidorm.daliisolutions.com\/index.php\/wp-json\/wp\/v2\/categories?post=1418"},{"taxonomy":"post_tag","embeddable":true,"href":"https:\/\/serbenidorm.daliisolutions.com\/index.php\/wp-json\/wp\/v2\/tags?post=1418"}],"curies":[{"name":"wp","href":"https:\/\/api.w.org\/{rel}","templated":true}]}}