{"id":14192,"date":"2025-04-14T11:40:40","date_gmt":"2025-04-14T09:40:40","guid":{"rendered":"https:\/\/serbenidorm.daliisolutions.com\/index.php\/2025\/04\/14\/los-vehiculos-de-los-bomberos-del-consorcio-provincial-de-alicante-aparecen-con-pintadas-reivindicativas-ante-la-falta-de-avances-en-las-negociaciones\/"},"modified":"2025-04-14T11:40:40","modified_gmt":"2025-04-14T09:40:40","slug":"los-vehiculos-de-los-bomberos-del-consorcio-provincial-de-alicante-aparecen-con-pintadas-reivindicativas-ante-la-falta-de-avances-en-las-negociaciones","status":"publish","type":"post","link":"https:\/\/serbenidorm.daliisolutions.com\/index.php\/2025\/04\/14\/los-vehiculos-de-los-bomberos-del-consorcio-provincial-de-alicante-aparecen-con-pintadas-reivindicativas-ante-la-falta-de-avances-en-las-negociaciones\/","title":{"rendered":"Los veh\u00edculos de los Bomberos del Consorcio Provincial de Alicante aparecen con pintadas reivindicativas ante la falta de avances en las negociaciones"},"content":{"rendered":"  <p><div data-adtype=\"MLDB\"><\/div><\/p>   <p>Alicante <\/p>   <p>Es la imagen del fin de semana. Los veh\u00edculos de los Bomberos del Consorcio Provincial de Alicante han amanecido con pintadas que reivindican mejoras laborales y en el servicio. <\/p>   <p><p>M\u00e1s informaci\u00f3n<\/p><ul><li><a href=\"https:\/\/cadenaser.com\/comunitat-valenciana\/2025\/03\/25\/bomberos-del-consorcio-se-plantan-no-haran-mas-horas-extra-ni-asistiran-a-cursos-mientras-no-se-atiendan-sus-demandas-contra-la-mala-gestion-radio-alicante\/\"><span>Bomberos del Consorcio se plantan: no har\u00e1n m\u00e1s horas extra ni asistir\u00e1n a cursos mientras no se atiendan sus demandas \u201ccontra la mala gesti\u00f3n\u201d<\/span><\/a><\/li><\/ul><\/p>   <p>Mensajes con lemas como \u00abToni P\u00e9rez cumple, convenio ya\u00bb, \u00abgesti\u00f3n operativa nefasta\u00bb, \u00abenga\u00f1ados\u00bb o \u00abpor un servicio p\u00fablico de calidad, fuera incompetentes\u00bb entre otros. Se pide la dimisi\u00f3n de los cuatro miembros del servicio operativo. <\/p>  <p><figure><img decoding=\"async\" src=\"https:\/\/cadenaser.com\/resizer\/v2\/JCDF63IAEZBUBK76GQRT3VK7RE.jpeg?auth=045b0519aa612a5b0c1bf9c39d411f41ddf18b4c450a4b6a0f38ad455a0a257c&amp;quality=70&amp;width=650&amp;height=487&amp;smart=true\" alt=\"Pintadas en los veh\u00edculos del Consorcio Provincial de Bomberos de Alicante\" width=\"4\" height=\"3\" loading=\"lazy\" \/><figcaption class=\"fc\"><p><span>Pintadas en los veh\u00edculos del Consorcio Provincial de Bomberos de Alicante<\/span><\/p><\/figcaption><\/figure><button class=\"bt-am\">Ampliar<\/button><div class=\"lb d-none\"><div><figure><img loading=\"lazy\" decoding=\"async\" src=\"https:\/\/cadenaser.com\/resizer\/v2\/JCDF63IAEZBUBK76GQRT3VK7RE.jpeg?auth=045b0519aa612a5b0c1bf9c39d411f41ddf18b4c450a4b6a0f38ad455a0a257c\" alt=\"Pintadas en los veh\u00edculos del Consorcio Provincial de Bomberos de Alicante\" width=\"4\" height=\"3\" \/><figcaption class=\"fc\"><p><span>Pintadas en los veh\u00edculos del Consorcio Provincial de Bomberos de Alicante<\/span><\/p><\/figcaption><\/figure><button>Cerrar<\/button><\/div><\/div><\/p>   <p>Desde la Junta de Personal del Consorcio de Bomberos de Alicante recuerdan que el conflicto, aunque ven\u00eda de un tiempo atr\u00e1s, comenz\u00f3 el pasado 18 de marzo. El 7 de abril se reunieron con el presidente de la instituci\u00f3n provincial, Toni P\u00e9rez, en la que no se produjeron avances. <\/p>   <p>Casi un mes despu\u00e9s de iniciarse el conflicto, este fin de semana los camiones han aparecido con pintadas en todos los parques de la provincia exigiendo esos avances en la negociaci\u00f3n. <\/p>   <p>Juanjo Brotons, miembro de la Junta de Personal, del sindicato UGT, explica que el pr\u00f3ximo martes se reunir\u00e1n con el director general de Emergencias. Si no se produce ning\u00fan avance, han tomado la decisi\u00f3n de acudir a los plenos del Ayuntamiento de Benidorm y de la Diputaci\u00f3n a mostrar su descontento con sendas concentraciones. <\/p>   <p>     .c-w {         max-width: 662px;         width: 100%;         margin:12px 0 24px auto;         background: #00755E;         border-radius: 99px;         display: flex;         align-items: center;         justify-content: center;     }     .c-w:hover {         background-color:#6CB3A5;     }      .c-w a {         display: flex;         align-items: center;         justify-content: center;         padding: 6px 0;         width:100%;     }      .c-w img {         width: 24px;         margin-right: 12px;     }      .c-w p {         font: 18px\/30px Poppins;         text-align: center;         color: #fff;         margin: 0;     }      @media (max-width:444px) {         .c-w a {             padding: 4px 12px;         }          .c-w img {             width: 24px;             margin-right: 8px;         }          .c-w p {             font: 14px\/25px Poppins;         }     }      @media (max-width:335px) {         .c-w p {             font: 13px\/25px Poppins;         }     }  <div class=\"c-w\"> <a href=\"https:\/\/www.whatsapp.com\/channel\/0029Va633PF9WtC4l7XUzh1e\" rel=\"nofollow\" target=\"_blank\">         <img decoding=\"async\" src=\"https:\/\/cadenaser.com\/estaticos\/recursosgraficos\/responsive\/img\/ico-whatsapp.svg\" alt=\"Whatsapp\">         <p>\u00danete al <b>canal de WhatsApp<\/b> de la SER<\/p>     <\/a> <\/div><\/p>   <p><div class=\"c-mul-sc\"><div id=\"player-1744554099646\" class=\"c-player-audio\"><button class=\"bt-play\" data-audioid=\"1744554099646\" data-type=\"aod\" data-accountname=\"playser\"><\/button><div class=\"c-copiado\"><p>El c\u00f3digo iframe se ha copiado en el portapapeles<\/p><\/div><div class=\"d-audio\"><p class=\"tit\">Juanjo Brotons, miembro de la Junta de Personal del Consorcio Provincial de Bomberos: \u00abSeguimos sin avances en la negociaci\u00f3n\u00bb<\/p><div class=\"b-pro\"><span class=\"progreso\"><\/span><\/div><div class=\"c-times\"><span class=\"t-progreso\">00:00:00<\/span><span class=\"t-total-audio\">00:32<\/span><\/div><\/div><button class=\"bt-op\"><\/button><div class=\"c-opciones c-comun\"><a href=\"https:\/\/prisa-es.mc.tritondigital.com\/SER_RADIO_ALICANTE_HORA_14_FIN_DE_SEMANA\/media\/mcv\/playser\/multimedia\/20250413\/4427669_142239_audio_128.mp3?dist=cadenaser-web-tfp-permanente&amp;csegid=22000&amp;dl=1\" class=\"bt-down\">Descargar<\/a><button class=\"bt-share\">Compartir<\/button><button class=\"bt-close\">Cerrar<\/button><\/div><div class=\"c-opciones c-share\"><button class=\"bt-fb\" data-ssnn=\"facebook\" data-url=\"https:\/\/cadenaser.com\/comunitat-valenciana\/2025\/04\/13\/los-vehiculos-de-los-bomberos-del-consorcio-provincial-de-alicante-aparecen-con-pintadas-reivindicativas-ante-la-falta-de-avances-en-las-negociaciones-radio-alicante\/\">Facebook<\/button><button class=\"bt-tw\" data-ssnn=\"twitter\" data-url=\"https:\/\/cadenaser.com\/comunitat-valenciana\/2025\/04\/13\/los-vehiculos-de-los-bomberos-del-consorcio-provincial-de-alicante-aparecen-con-pintadas-reivindicativas-ante-la-falta-de-avances-en-las-negociaciones-radio-alicante\/\">Twitter<\/button><button class=\"bt-li\" data-ssnn=\"linkedin\" data-url=\"https:\/\/cadenaser.com\/comunitat-valenciana\/2025\/04\/13\/los-vehiculos-de-los-bomberos-del-consorcio-provincial-de-alicante-aparecen-con-pintadas-reivindicativas-ante-la-falta-de-avances-en-las-negociaciones-radio-alicante\/\">Linkedin<\/button><button class=\"bt-wh\" data-ssnn=\"whatsapp\" data-url=\"https:\/\/cadenaser.com\/comunitat-valenciana\/2025\/04\/13\/los-vehiculos-de-los-bomberos-del-consorcio-provincial-de-alicante-aparecen-con-pintadas-reivindicativas-ante-la-falta-de-avances-en-las-negociaciones-radio-alicante\/\">WhatsApp<\/button><button class=\"bt-close\">Cerrar<\/button><\/div><\/div><\/div><\/p>   <p>Los bomberos exigen un nuevo convenio regulador, un nuevo texto refundido de condiciones de trabajo ya que el \u00faltima data del 2002. <\/p>   <p>Brotons a\u00f1ade que la Diputaci\u00f3n tampoco ha cumplido el acuerdo para la actualizaci\u00f3n de la Relaci\u00f3n de Puestos de Trabajo (RPT), ni se ha convocado la Comisi\u00f3n de Seguimiento. <\/p>   <p>Denuncia tambi\u00e9n un abuso continuo de los veh\u00edculos oficiales por parte de los mandos y falta de efectivos en los parques y en las intervenciones. <\/p>   <p>Si no se producen avances en las negociaciones, los bomberos celebrar\u00e1n una nueva asamblea en la que decidir\u00e1n las nuevas estrategias de protesta, entre las que no descartan ir a la huelga. <\/p>   <p>La Diputaci\u00f3n se remite al comunicado del martes<\/p>   <p>Por su parte, la Diputaci\u00f3n Provincial de Alicante, se ha remitido al \u00faltimo comunicado que sacaron el pasado 8 de abril en el que el Consorcio Provincial de Bomberos de Alicante reafirmaba su compromiso con la negociaci\u00f3n colectiva para alcanzar acuerdos y hace un llamamiento a todas las partes implicadas para que contin\u00faen participando en la mesa de negociaci\u00f3n.<\/p>   <p>El Consorcio rechaza cualquier medida de presi\u00f3n que busque perturbar el buen funcionamiento de la mesa de negociaci\u00f3n, especialmente aquellas relacionadas con el cese del DOI (departamento operativo de intervenciones), que no tienen relaci\u00f3n con las condiciones laborales que se est\u00e1n negociando.<\/p>   <p>Lamentamos profundamente que algunos agentes sociales no prioricen la negociaci\u00f3n y el di\u00e1logo y recordamos que el Consorcio ya ha tomado medidas para crear un clima de di\u00e1logo favorable.<\/p>   <p>Prueba de esa voluntad es la reuni\u00f3n que el presidente de la Diputaci\u00f3n de Alicante, Toni P\u00e9rez, y el diputado de Emergencias, Francisco Cano, mantuvieron, durante cerca de tres horas, con representantes sindicales de la Junta de Personal con el objetivo de acercar posturas. <\/p>   <p>El resto de representantes sindicales y la direcci\u00f3n del CPBA contin\u00faan trabajando en la mesa de negociaci\u00f3n, que es el espacio adecuado para llegar a acuerdos. Invitamos a los dem\u00e1s a reincorporarse a este espacio.<\/p> ","protected":false},"excerpt":{"rendered":"<p>Mensajes con lemas como \u00abToni P\u00e9rez cumple, convenio ya\u00bb, \u00abgesti\u00f3n operativa nefasta\u00bb, \u00abenga\u00f1ados\u00bb o \u00abpor un servicio p\u00fablico de calidad, fuera incompetentes\u00bb entre otros<\/p>\n","protected":false},"author":0,"featured_media":14193,"comment_status":"open","ping_status":"open","sticky":false,"template":"","format":"standard","meta":{"_acf_changed":false,"footnotes":""},"categories":[1],"tags":[],"class_list":["post-14192","post","type-post","status-publish","format-standard","has-post-thumbnail","hentry","category-sin-categoria"],"acf":{"ser_id":"25IC3GZRSRHIJBHB347KLJFHQI","ser_url":"https:\/\/cadenaser.com\/comunitat-valenciana\/2025\/04\/13\/los-vehiculos-de-los-bomberos-del-consorcio-provincial-de-alicante-aparecen-con-pintadas-reivindicativas-ante-la-falta-de-avances-en-las-negociaciones-radio-alicante\/"},"_links":{"self":[{"href":"https:\/\/serbenidorm.daliisolutions.com\/index.php\/wp-json\/wp\/v2\/posts\/14192","targetHints":{"allow":["GET"]}}],"collection":[{"href":"https:\/\/serbenidorm.daliisolutions.com\/index.php\/wp-json\/wp\/v2\/posts"}],"about":[{"href":"https:\/\/serbenidorm.daliisolutions.com\/index.php\/wp-json\/wp\/v2\/types\/post"}],"replies":[{"embeddable":true,"href":"https:\/\/serbenidorm.daliisolutions.com\/index.php\/wp-json\/wp\/v2\/comments?post=14192"}],"version-history":[{"count":0,"href":"https:\/\/serbenidorm.daliisolutions.com\/index.php\/wp-json\/wp\/v2\/posts\/14192\/revisions"}],"wp:featuredmedia":[{"embeddable":true,"href":"https:\/\/serbenidorm.daliisolutions.com\/index.php\/wp-json\/wp\/v2\/media\/14193"}],"wp:attachment":[{"href":"https:\/\/serbenidorm.daliisolutions.com\/index.php\/wp-json\/wp\/v2\/media?parent=14192"}],"wp:term":[{"taxonomy":"category","embeddable":true,"href":"https:\/\/serbenidorm.daliisolutions.com\/index.php\/wp-json\/wp\/v2\/categories?post=14192"},{"taxonomy":"post_tag","embeddable":true,"href":"https:\/\/serbenidorm.daliisolutions.com\/index.php\/wp-json\/wp\/v2\/tags?post=14192"}],"curies":[{"name":"wp","href":"https:\/\/api.w.org\/{rel}","templated":true}]}}