{"id":1420,"date":"2024-01-16T10:41:32","date_gmt":"2024-01-16T09:41:32","guid":{"rendered":"https:\/\/serbenidorm.daliisolutions.com\/index.php\/2024\/01\/16\/el-c-f-benidorm-convertira-el-guillermo-amor-en-una-fiesta-en-su-regreso-a-casa\/"},"modified":"2024-01-16T10:41:32","modified_gmt":"2024-01-16T09:41:32","slug":"el-c-f-benidorm-convertira-el-guillermo-amor-en-una-fiesta-en-su-regreso-a-casa","status":"publish","type":"post","link":"https:\/\/serbenidorm.daliisolutions.com\/index.php\/2024\/01\/16\/el-c-f-benidorm-convertira-el-guillermo-amor-en-una-fiesta-en-su-regreso-a-casa\/","title":{"rendered":"El C.F. Benidorm convertir\u00e1 el Guillermo Amor en una fiesta en su regreso a casa"},"content":{"rendered":"  <p>Benidorm<\/p>   <p>A punto de darse por concluida la primera vuelta de la Lliga Comunitat, el C.F. Benidorm disputar\u00e1 este domingo (12:00 horas) su primer partido de la temporada en el estadio Guillermo Amor una vez que el terreno de juego ha sido recuperado tras la celebraci\u00f3n, el pasado mes de julio, del Low Festival.<\/p>   <p>Desde el club se ha querido dar a este partido un claro ambiente festivo animando a toda la ciudad a llenar las gradas del estadio de Foietes donde, en caso de conseguir la victoria ante el Calpe, el equipo de Miguel \u00c1ngel Mart\u00ednez podr\u00eda proclamarse, de manera matem\u00e1tica, campe\u00f3n de invierno, un t\u00edtulo sin ning\u00fan valor, pero que s\u00ed certifica la superioridad mostrada por los de nuestra ciudad en lo que va de temporada.<\/p>   <p>El choque ante el Calpe, adem\u00e1s, podr\u00eda servir para poner m\u00e1s tierra de por medio respecto a uno de los rivales m\u00e1s directos en la pelea por los puestos que dan acceso al ascenso a la Tercera RFEF toda vez que los de la Marina Alta ocupan la tercera posici\u00f3n con 25 puntos, a siete del Benidorm.<\/p>   <p><b>La Nuc\u00eda, con urgencias a Lleida<\/b><\/p>   <p>Muy distinto es el ambiente que se vive estos d\u00edas en La Nuc\u00eda, con el equipo sumido en una profund\u00edsima crisis deportiva e institucional de la que no est\u00e1 siendo capaz de salir despu\u00e9s de la marcha, confirmada la pasada semana, del en\u00e9simo inversor que mostr\u00f3 inter\u00e9s por tomar las riendas de la entidad del Estadi Ol\u00edmpic Camilo Cano.<\/p>   <p>Tras la derrota, la und\u00e9cima en 17 jornadas, sufrida la pasada semana ante el Badalona Futur, los de Mario Cartagena viajan este domingo (17:00 horas) al campo del Lleida, segundo clasificado a s\u00f3lo un punto del H\u00e9rcules, que hace siete d\u00edas se proclamaba campe\u00f3n de invierno finalizada la primera vuelta liguera.<\/p>   <p>Absolutamente necesitado de sumar puntos y sin margen alguno para el error, La Nuc\u00eda, al que ya son once los puntos que lo separan de la salvaci\u00f3n, buscar\u00e1 dar la sorpresa ante un equipo, eso s\u00ed, que encadena dos derrotas consecutivas y que, por lo tanto, tambi\u00e9n precisa de darle la vuelta a su din\u00e1mica si quiere seguir optando a ese primer puesto que da el ascenso directo a la Primera RFEF al final de la temporada y que, por ahora, es del H\u00e9rcules.<\/p> ","protected":false},"excerpt":{"rendered":"<p>La Nuc\u00eda, sin ning\u00fan margen de error, visita al Lleida, segunda clasificado<\/p>\n","protected":false},"author":0,"featured_media":1421,"comment_status":"open","ping_status":"open","sticky":false,"template":"","format":"standard","meta":{"_acf_changed":false,"footnotes":""},"categories":[16],"tags":[],"class_list":["post-1420","post","type-post","status-publish","format-standard","has-post-thumbnail","hentry","category-deportes"],"acf":{"ser_id":"D6KW7LMKNBEXVPU3AUKECDCKG4","ser_url":"https:\/\/cadenaser.com\/comunitat-valenciana\/2024\/01\/12\/el-cf-benidorm-convertira-el-guillermo-amor-en-una-fiesta-en-su-regreso-a-casa-radio-benidorm\/"},"_links":{"self":[{"href":"https:\/\/serbenidorm.daliisolutions.com\/index.php\/wp-json\/wp\/v2\/posts\/1420","targetHints":{"allow":["GET"]}}],"collection":[{"href":"https:\/\/serbenidorm.daliisolutions.com\/index.php\/wp-json\/wp\/v2\/posts"}],"about":[{"href":"https:\/\/serbenidorm.daliisolutions.com\/index.php\/wp-json\/wp\/v2\/types\/post"}],"replies":[{"embeddable":true,"href":"https:\/\/serbenidorm.daliisolutions.com\/index.php\/wp-json\/wp\/v2\/comments?post=1420"}],"version-history":[{"count":0,"href":"https:\/\/serbenidorm.daliisolutions.com\/index.php\/wp-json\/wp\/v2\/posts\/1420\/revisions"}],"wp:featuredmedia":[{"embeddable":true,"href":"https:\/\/serbenidorm.daliisolutions.com\/index.php\/wp-json\/wp\/v2\/media\/1421"}],"wp:attachment":[{"href":"https:\/\/serbenidorm.daliisolutions.com\/index.php\/wp-json\/wp\/v2\/media?parent=1420"}],"wp:term":[{"taxonomy":"category","embeddable":true,"href":"https:\/\/serbenidorm.daliisolutions.com\/index.php\/wp-json\/wp\/v2\/categories?post=1420"},{"taxonomy":"post_tag","embeddable":true,"href":"https:\/\/serbenidorm.daliisolutions.com\/index.php\/wp-json\/wp\/v2\/tags?post=1420"}],"curies":[{"name":"wp","href":"https:\/\/api.w.org\/{rel}","templated":true}]}}