{"id":14202,"date":"2025-04-14T13:59:23","date_gmt":"2025-04-14T11:59:23","guid":{"rendered":"https:\/\/serbenidorm.daliisolutions.com\/index.php\/2025\/04\/14\/alquileres-disparados-en-benidorm-y-finestrat-los-municipios-mas-caros-de-toda-la-comunitat-valenciana\/"},"modified":"2025-04-14T13:59:23","modified_gmt":"2025-04-14T11:59:23","slug":"alquileres-disparados-en-benidorm-y-finestrat-los-municipios-mas-caros-de-toda-la-comunitat-valenciana","status":"publish","type":"post","link":"https:\/\/serbenidorm.daliisolutions.com\/index.php\/2025\/04\/14\/alquileres-disparados-en-benidorm-y-finestrat-los-municipios-mas-caros-de-toda-la-comunitat-valenciana\/","title":{"rendered":"Alquileres disparados en Benidorm y Finestrat, los municipios m\u00e1s caros de toda la Comunitat Valenciana"},"content":{"rendered":"  <p><div data-adtype=\"MLDB\"><\/div><\/p>   <p>Benidorm<\/p>   <p>\u00abEl precio del alquiler sigue aumentando sin freno a unos ritmos muy abultados\u00bb, la directora de Estudios de Fotocasa Mar\u00eda Matos resume as\u00ed el \u00faltimo informe nacional del portal inmobiliario que sit\u00faa a <a href=\"https:\/\/cadenaser.com\/tag\/benidorm\/a\/\" target=\"_blank\">Benidorm<\/a> y<a href=\"https:\/\/cadenaser.com\/tag\/finestrat\/a\/\" target=\"_blank\"> Finestrat<\/a> como las dos localidades de la Comunitat Valenciana con las rentas m\u00e1s altas, mas de 16 euros por metro cuadrado de media, superando incluso a Valencia y Alicante.<\/p>   <p>De c\u00f3mo han evolucionado los precios en el resto de la Marina Baixa en el \u00faltimo trimestre destaca adem\u00e1s la subida de <a href=\"https:\/\/cadenaser.com\/tag\/altea\/a\/\" target=\"_blank\">Altea<\/a> un 9,3% que eleva el precio medio del metro por encima de los 13 euros, similar al de <a href=\"https:\/\/cadenaser.com\/tag\/vila_joiosa\/a\/\" target=\"_blank\">Villajoyosa<\/a>. No obstante se refleja un descenso llamativo y at\u00edpico de diez puntos en <a href=\"https:\/\/cadenaser.com\/tag\/lalfas_del_pi\/a\/\" target=\"_blank\">l&#8217;Alf\u00e0s del Pi<\/a>, dato que contrasta con su tendencia reciente y deja el precio medio al final de marzo en 14,3 euros el metro.<\/p>  <p><p>M\u00e1s informaci\u00f3n<\/p><figure><img loading=\"lazy\" decoding=\"async\" src=\"https:\/\/cadenaser.com\/resizer\/v2\/QUCFBYRMKJAXDB7BXIRGXO2BAA.png?auth=19830357447fd75e579a0be4feb0f34cd5b7c1a1c8c02d2ff5e08a564fbed8dc&amp;quality=70&amp;width=360&amp;height=202&amp;smart=true\" width=\"820\" height=\"621\" \/><\/figure><ul><li><a href=\"https:\/\/cadenaser.com\/comunitat-valenciana\/2025\/04\/01\/finestrat-paraliza-las-licencias-para-nuevas-viviendas-turisticas-radio-benidorm\/\"><span>Finestrat paraliza las licencias para nuevas viviendas tur\u00edsticas<\/span><\/a><\/li><\/ul><\/p>   <p>El fen\u00f3meno, explica Matos, es generalizado: \u00abDe hecho, estamos viviendo el mayor encarecimiento del arrendamiento en la historia reciente de Espa\u00f1a. Las causas est\u00e1n claras: una demanda en m\u00e1ximos hist\u00f3ricos y una oferta en m\u00ednimos estructurales que tensionan el mercado al alza\u00bb. <\/p>   <p>En Benidorm y Finestrat, que ocupan lo m\u00e1s alto del ranking auton\u00f3mico desde hace m\u00e1s de un a\u00f1o, los incrementos en los \u00faltimos tres meses seg\u00fan el portal han sido de un 2,9% y un 4,8% respectivamente. <\/p>   <p>Esto implica que un piso, por ejemplo de cien metros en la capital tur\u00edstica, puede superar hoy por hoy los 1.600 euros al mes. La zona m\u00e1s cara, seg\u00fan las estad\u00edsticas recientes del mismo portal, es la de Poniente con una tarifa media de m\u00e1s de 18 euros \/ metro cuadrado.<\/p> ","protected":false},"excerpt":{"rendered":"<p>En el \u00faltimo trimestre el aumento del precio m\u00e1s considerable, seg\u00fan la estad\u00edstica de Fotocasa, se ha registrado en Altea (9,3%)<\/p>\n","protected":false},"author":0,"featured_media":14203,"comment_status":"open","ping_status":"open","sticky":false,"template":"","format":"standard","meta":{"_acf_changed":false,"footnotes":""},"categories":[1],"tags":[],"class_list":["post-14202","post","type-post","status-publish","format-standard","has-post-thumbnail","hentry","category-sin-categoria"],"acf":{"ser_id":"VYV7WNY76ZERDOJYRHDBKQCNNU","ser_url":"https:\/\/cadenaser.com\/comunitat-valenciana\/2025\/04\/14\/alquileres-disparados-en-benidorm-y-finestrat-los-municipios-mas-caros-de-toda-la-comunitat-valenciana-radio-benidorm\/"},"_links":{"self":[{"href":"https:\/\/serbenidorm.daliisolutions.com\/index.php\/wp-json\/wp\/v2\/posts\/14202","targetHints":{"allow":["GET"]}}],"collection":[{"href":"https:\/\/serbenidorm.daliisolutions.com\/index.php\/wp-json\/wp\/v2\/posts"}],"about":[{"href":"https:\/\/serbenidorm.daliisolutions.com\/index.php\/wp-json\/wp\/v2\/types\/post"}],"replies":[{"embeddable":true,"href":"https:\/\/serbenidorm.daliisolutions.com\/index.php\/wp-json\/wp\/v2\/comments?post=14202"}],"version-history":[{"count":0,"href":"https:\/\/serbenidorm.daliisolutions.com\/index.php\/wp-json\/wp\/v2\/posts\/14202\/revisions"}],"wp:featuredmedia":[{"embeddable":true,"href":"https:\/\/serbenidorm.daliisolutions.com\/index.php\/wp-json\/wp\/v2\/media\/14203"}],"wp:attachment":[{"href":"https:\/\/serbenidorm.daliisolutions.com\/index.php\/wp-json\/wp\/v2\/media?parent=14202"}],"wp:term":[{"taxonomy":"category","embeddable":true,"href":"https:\/\/serbenidorm.daliisolutions.com\/index.php\/wp-json\/wp\/v2\/categories?post=14202"},{"taxonomy":"post_tag","embeddable":true,"href":"https:\/\/serbenidorm.daliisolutions.com\/index.php\/wp-json\/wp\/v2\/tags?post=14202"}],"curies":[{"name":"wp","href":"https:\/\/api.w.org\/{rel}","templated":true}]}}