{"id":14204,"date":"2025-04-14T13:59:24","date_gmt":"2025-04-14T11:59:24","guid":{"rendered":"https:\/\/serbenidorm.daliisolutions.com\/index.php\/2025\/04\/14\/villajoyosa-abre-un-parking-gratuito-con-173-plazas-junto-a-dos-playas\/"},"modified":"2025-04-14T13:59:24","modified_gmt":"2025-04-14T11:59:24","slug":"villajoyosa-abre-un-parking-gratuito-con-173-plazas-junto-a-dos-playas","status":"publish","type":"post","link":"https:\/\/serbenidorm.daliisolutions.com\/index.php\/2025\/04\/14\/villajoyosa-abre-un-parking-gratuito-con-173-plazas-junto-a-dos-playas\/","title":{"rendered":"Villajoyosa abre un parking gratuito con 173 plazas junto a dos playas"},"content":{"rendered":"  <p><div data-adtype=\"MLDB\"><\/div><\/p>   <p>La Vila Joiosa<\/p>   <p>Ya est\u00e1 abierto el nuevo aparcamiento junto a las playas del Bol Nou y Parad\u00eds. Este nuevo estacionamiento disuasorio, localizado en la <a href=\"https:\/\/cadenaser.com\/tag\/vila_joiosa\/a\/\" target=\"_blank\">partida Montiboli<\/a>, dispone de 173 plazas. De este n\u00famero cinco plazas est\u00e1n reservadas para veh\u00edculos de personas con movilidad reducida, diez para motocicletas y tres para familias.<\/p>   <p>El alcalde Marcos Zaragoza ha recepcionado esta ma\u00f1ana la finalizaci\u00f3n de las obras de construcci\u00f3n de este proyecto que forma parte del Programa de Planes de Sostenibilidad Tur\u00edstica en Destino (PSTD), financiado por la Uni\u00f3n Europea con fondos Next Generation EU. <\/p>  <p><p>M\u00e1s informaci\u00f3n<\/p><figure><img loading=\"lazy\" decoding=\"async\" src=\"https:\/\/cadenaser.com\/resizer\/v2\/O4NZHJIMV5A4HC2L55EXAIPUME.jpg?auth=9d612e4dd210efcbe6b76c3527f6c0e5d3b7e6335ba0b7064c1f5585268014ac&amp;quality=70&amp;width=360&amp;height=202&amp;smart=true\" width=\"820\" height=\"621\" \/><\/figure><ul><li><a href=\"https:\/\/cadenaser.com\/comunitat-valenciana\/2025\/04\/11\/asi-llegan-las-playas-de-benidorm-y-la-marina-baixa-a-la-semana-santa-radio-benidorm\/\"><span>As\u00ed llegan las playas de Benidorm y la Marina Baixa a la Semana Santa<\/span><\/a><\/li><\/ul><\/p>   <p>Zaragoza ha explicado que \u00abuna de nuestras prioridades es mejorar la accesibilidad y movilidad del municipio, por lo que vamos a continuar creando m\u00e1s \u00e1reas de aparcamiento de veh\u00edculos, ya que es necesario facilitar el estacionamiento y m\u00e1s, ante temporadas de mayor afluencia, como la temporada estival y Semana Santa, por lo que se ha acelerado el per\u00edodo de ejecuci\u00f3n previsto de cinco meses y se ha conseguido reducir a dos meses\u00bb.<\/p>   <p>Con este nuevo aparcamiento, ha a\u00f1adido, \u00abse proporciona un espacio seguro y accesible para que tanto residentes como visitantes puedan estacionar sus veh\u00edculos. Otras de las ventajas son la reducci\u00f3n del tiempo dedicado a buscar aparcamiento, contribuyendo significativamente a minimizar las emisiones contaminantes generadas por los desplazamientos innecesarios, un mayor control sobre la actividad tur\u00edstica en la zona y la preservaci\u00f3n del entorno natural de esta zona\u00bb.<\/p>   <p>Adem\u00e1s Zaragoza ha anunciado que se van a iniciar el proyecto de adaptaci\u00f3n y mejora del tramo sur de la Colada de la Costa que transcurre de manera paralela a este aparcamiento. Las obras, presupuestadas con cerca de 150.000 euros, consistir\u00e1n en la creaci\u00f3n de un carril bici, la renovaci\u00f3n de la calzada y la adaptaci\u00f3n de la v\u00eda pecuaria.<\/p> ","protected":false},"excerpt":{"rendered":"<p>El alcalde anuncia adem\u00e1s la creaci\u00f3n de un carril bici en la zona<\/p>\n","protected":false},"author":0,"featured_media":14205,"comment_status":"open","ping_status":"open","sticky":false,"template":"","format":"standard","meta":{"_acf_changed":false,"footnotes":""},"categories":[1],"tags":[],"class_list":["post-14204","post","type-post","status-publish","format-standard","has-post-thumbnail","hentry","category-sin-categoria"],"acf":{"ser_id":"KCFTVFKXUZGUJBOWHMMQNLI5AI","ser_url":"https:\/\/cadenaser.com\/comunitat-valenciana\/2025\/04\/14\/villajoyosa-abre-un-parking-gratuito-con-173-plazas-junto-a-dos-playas-radio-benidorm\/"},"_links":{"self":[{"href":"https:\/\/serbenidorm.daliisolutions.com\/index.php\/wp-json\/wp\/v2\/posts\/14204","targetHints":{"allow":["GET"]}}],"collection":[{"href":"https:\/\/serbenidorm.daliisolutions.com\/index.php\/wp-json\/wp\/v2\/posts"}],"about":[{"href":"https:\/\/serbenidorm.daliisolutions.com\/index.php\/wp-json\/wp\/v2\/types\/post"}],"replies":[{"embeddable":true,"href":"https:\/\/serbenidorm.daliisolutions.com\/index.php\/wp-json\/wp\/v2\/comments?post=14204"}],"version-history":[{"count":0,"href":"https:\/\/serbenidorm.daliisolutions.com\/index.php\/wp-json\/wp\/v2\/posts\/14204\/revisions"}],"wp:featuredmedia":[{"embeddable":true,"href":"https:\/\/serbenidorm.daliisolutions.com\/index.php\/wp-json\/wp\/v2\/media\/14205"}],"wp:attachment":[{"href":"https:\/\/serbenidorm.daliisolutions.com\/index.php\/wp-json\/wp\/v2\/media?parent=14204"}],"wp:term":[{"taxonomy":"category","embeddable":true,"href":"https:\/\/serbenidorm.daliisolutions.com\/index.php\/wp-json\/wp\/v2\/categories?post=14204"},{"taxonomy":"post_tag","embeddable":true,"href":"https:\/\/serbenidorm.daliisolutions.com\/index.php\/wp-json\/wp\/v2\/tags?post=14204"}],"curies":[{"name":"wp","href":"https:\/\/api.w.org\/{rel}","templated":true}]}}