{"id":1424,"date":"2024-01-16T10:41:33","date_gmt":"2024-01-16T09:41:33","guid":{"rendered":"https:\/\/serbenidorm.daliisolutions.com\/index.php\/2024\/01\/16\/la-asobal-descansa-pero-el-balonmano-sigue-adelante\/"},"modified":"2024-01-16T10:41:33","modified_gmt":"2024-01-16T09:41:33","slug":"la-asobal-descansa-pero-el-balonmano-sigue-adelante","status":"publish","type":"post","link":"https:\/\/serbenidorm.daliisolutions.com\/index.php\/2024\/01\/16\/la-asobal-descansa-pero-el-balonmano-sigue-adelante\/","title":{"rendered":"La Asobal descansa, pero el balonmano sigue adelante"},"content":{"rendered":"  <p>Benidorm<\/p>   <p>Mientras que \u2018Los Hispanos\u2019 han llegado ya a la ciudad alemana de Mannheim, donde se disputar\u00e1n los partidos del Grupo B del Campeonato de Europa de balonmano, la Liga Asobal afronta su tradicional par\u00f3n invernal para dar cabida a la cita bienal continental.<\/p>   <p>El TM Benidorm no volver\u00e1 a la competici\u00f3n hasta el pr\u00f3ximo d\u00eda 3 de febrero, cuando se retome la competici\u00f3n dom\u00e9stica con la disputa de la primera jornada de la segunda vuelta ante el Blendio Sinf\u00edn c\u00e1ntabro, pero eso no significa que la ciudad no vaya a poder disfrutar del espect\u00e1culo del balonmano ya que este mismo fin de semana regresan a la cancha, tras el par\u00f3n navide\u00f1o, los equipos de la Divisi\u00f3n de Honor plata femenina y el de Primera Nacional masculina, filial del TM Benidorm.<\/p>   <p>En el caso de las chicas, dirigidas por Iker D\u00edaz, viajar\u00e1n a la complicada cancha del Onda, actual sexto clasificado y ante el que el pasado mes de septiembre arranc\u00f3 un empate a 29 con motivo de la segunda jornada de competici\u00f3n.<\/p>   <p>Ser\u00e1 un compromiso terriblemente complicado para un equipo que ha venido sufriendo en exceso durante toda la primera vuelta a causa de las lesiones que se han cebado con el cuadro benidormense. Sin haber podido recuperar a todas sus jugadoras, Iker D\u00edaz volver\u00e1 a echar mano del equipo juvenil para poder completar la convocatoria de tal manera que las titulares puedan gozar de una mayor rotaci\u00f3n y, de esta manera, no acusar tanto el cansancio de los 60 minutos de partido.<\/p>   <p>Tampoco lo tendr\u00e1 f\u00e1cil el equipo de Primera Nacional masculina, que visita la cancha del Mislata, s\u00e9ptimo clasificado, despu\u00e9s de una primera vuelta en la que los de Benidorm no han podido sumar un solo punto y se encuentran, por lo tanto, en la \u00faltima posici\u00f3n de la clasificaci\u00f3n.<\/p>   <p>Esto hace que el equipo del Palau d\u2019Esports l\u2019Illa de Benidorm afronte esta segunda parte de la competici\u00f3n liguera enfrent\u00e1ndose a cada partido como si de una aut\u00e9ntica final se tratase, necesitados de, al menos, recuperar los dos puntos de desventaja que arrastran respecto al Sant Joan, pen\u00faltimo en la tabla y equipo que marca la salvaci\u00f3n.<\/p> ","protected":false},"excerpt":{"rendered":"<p>El Divisi\u00f3n de Honor Plata femenino y el filial masculino regresan este fin de semana a la competici\u00f3n<\/p>\n","protected":false},"author":0,"featured_media":1425,"comment_status":"open","ping_status":"open","sticky":false,"template":"","format":"standard","meta":{"_acf_changed":false,"footnotes":""},"categories":[16],"tags":[],"class_list":["post-1424","post","type-post","status-publish","format-standard","has-post-thumbnail","hentry","category-deportes"],"acf":{"ser_id":"TS6IZ5GNS5E5HPHQLZU7NZLIFQ","ser_url":"https:\/\/cadenaser.com\/comunitat-valenciana\/2024\/01\/12\/la-asobal-descansa-pero-el-balonmano-sigue-adelante-radio-benidorm\/"},"_links":{"self":[{"href":"https:\/\/serbenidorm.daliisolutions.com\/index.php\/wp-json\/wp\/v2\/posts\/1424","targetHints":{"allow":["GET"]}}],"collection":[{"href":"https:\/\/serbenidorm.daliisolutions.com\/index.php\/wp-json\/wp\/v2\/posts"}],"about":[{"href":"https:\/\/serbenidorm.daliisolutions.com\/index.php\/wp-json\/wp\/v2\/types\/post"}],"replies":[{"embeddable":true,"href":"https:\/\/serbenidorm.daliisolutions.com\/index.php\/wp-json\/wp\/v2\/comments?post=1424"}],"version-history":[{"count":0,"href":"https:\/\/serbenidorm.daliisolutions.com\/index.php\/wp-json\/wp\/v2\/posts\/1424\/revisions"}],"wp:featuredmedia":[{"embeddable":true,"href":"https:\/\/serbenidorm.daliisolutions.com\/index.php\/wp-json\/wp\/v2\/media\/1425"}],"wp:attachment":[{"href":"https:\/\/serbenidorm.daliisolutions.com\/index.php\/wp-json\/wp\/v2\/media?parent=1424"}],"wp:term":[{"taxonomy":"category","embeddable":true,"href":"https:\/\/serbenidorm.daliisolutions.com\/index.php\/wp-json\/wp\/v2\/categories?post=1424"},{"taxonomy":"post_tag","embeddable":true,"href":"https:\/\/serbenidorm.daliisolutions.com\/index.php\/wp-json\/wp\/v2\/tags?post=1424"}],"curies":[{"name":"wp","href":"https:\/\/api.w.org\/{rel}","templated":true}]}}