{"id":14242,"date":"2025-04-15T15:06:39","date_gmt":"2025-04-15T13:06:39","guid":{"rendered":"https:\/\/serbenidorm.daliisolutions.com\/index.php\/2025\/04\/15\/altea-descarta-asumir-las-competencias-para-controlar-las-viviendas-turisticas\/"},"modified":"2025-04-15T15:06:39","modified_gmt":"2025-04-15T13:06:39","slug":"altea-descarta-asumir-las-competencias-para-controlar-las-viviendas-turisticas","status":"publish","type":"post","link":"https:\/\/serbenidorm.daliisolutions.com\/index.php\/2025\/04\/15\/altea-descarta-asumir-las-competencias-para-controlar-las-viviendas-turisticas\/","title":{"rendered":"Altea descarta asumir las competencias para controlar las viviendas tur\u00edsticas"},"content":{"rendered":"  <p><div data-adtype=\"MLDB\"><\/div><\/p>   <p>Altea<\/p>   <p>En Altea la coalici\u00f3n Comprom\u00eds &#8211; PSOE, al frente del gobierno local, descarta al menos por ahora que el Ayuntamiento asuma las competencias de control de viviendas de uso tur\u00edstico como propone la oposici\u00f3n del PP. Las condiciones establecidas por la Generalitat, asegura el edil de Urbanismo, son inviables: \u00abQue venga con una dotaci\u00f3n econ\u00f3mica y de personal y ah\u00ed muchos ayuntamientos, no solo el de Altea, dir\u00edamos que s\u00ed a firmar ese convenio\u00bb, ha se\u00f1alado Jos\u00e9 Orozco.<\/p>   <p>Lo estudiar\u00e1n, ha matizado Orozco en declaraciones a <a href=\"https:\/\/cadenaser.com\/tag\/benidorm\/a\/\" target=\"_blank\">Radio Benidorm<\/a>, en la medida en que los populares consigan que el Consell cambie los t\u00e9rminos de ese convenio en el que las administraciones locales recaudan el importe de las sanciones, que en los casos m\u00e1s graves alcanzan los 600.000 euros, pero tambi\u00e9n han de disponer todos los recursos para la inspecci\u00f3n.<\/p>  <p><p>M\u00e1s informaci\u00f3n<\/p><figure><img loading=\"lazy\" decoding=\"async\" src=\"https:\/\/cadenaser.com\/resizer\/v2\/IUUSNEQ3VNF43JGK5PR3ONRDCE.jpg?auth=5295a8e94f210f2f88994ba7ad2e5c233746e2c0da4b74cc234d67923152fcf1&amp;quality=70&amp;width=360&amp;height=202&amp;smart=true\" width=\"820\" height=\"621\" \/><\/figure><ul><li><a href=\"https:\/\/cadenaser.com\/comunitat-valenciana\/2025\/03\/31\/benidorm-se-suma-al-convenio-para-inspeccionar-pisos-turisticos-y-sancionar-los-ilegales-radio-benidorm\/\"><span>Benidorm se suma al convenio para inspeccionar pisos tur\u00edsticos y sancionar los ilegales<\/span><\/a><\/li><\/ul><\/p>   <p>\u00abAhora mismo todas las competencias las tiene la Conselleria y con este convenio lo que reconoce es que es incapaz de controlar las viviendas tur\u00edsticas no regladas y lo que hacen<a href=\"https:\/\/cadenaser.com\/tag\/altea\/a\/\" target=\"_blank\"> es poner un caramelo a los ayuntamientos sin dotarlos de recursos<\/a>\u00ab, ha explicado el responsable del departamento de Urbanismo de la villa blanca.<\/p>   <p>En contra de esta opini\u00f3n el concejal popular Paco Berenguer ha apuntado que llevar\u00e1n a pleno una moci\u00f3n para adherirse a este acuerdo y que \u00absolo asumiendo esta competencia podremos<b> <\/b>poner orden y defender un modelo de turismo sostenible, legal y compatible con la vida de nuestros vecinos\u00bb. Por el momento Valencia capital y Benidorm son las dos \u00fanicas localidades de la Comunitat Valenciana que se han suscrito. <\/p>   <p>El concejal de Urbanismo tambi\u00e9n ha aprovechado la cuesti\u00f3n para indicar que acaban de terminar el proceso ambiental  para la modificaci\u00f3n puntual del plan general y determinar en qu\u00e9 zonas se van a permitir estos tipos de alojamientos y recordar que Altea fue el primer municipio de la Marina Baixa que suspendi\u00f3 la tramitaci\u00f3n de nuevas licencias desarrollando en paralelo un proceso de participaci\u00f3n ciudadana. Una medida de paralizaci\u00f3n temporal que han aprobado tambi\u00e9n L&#8217;Alf\u00e0s del Pi, Finestrat y Polop.<\/p> ","protected":false},"excerpt":{"rendered":"<p>El concejal de Urbanismo Jos\u00e9 Orozco asegura que son inviables las actuales condiciones del convenio con la Generalitat al que la oposici\u00f3n propone adherirse<\/p>\n","protected":false},"author":0,"featured_media":14243,"comment_status":"open","ping_status":"open","sticky":false,"template":"","format":"standard","meta":{"_acf_changed":false,"footnotes":""},"categories":[1],"tags":[],"class_list":["post-14242","post","type-post","status-publish","format-standard","has-post-thumbnail","hentry","category-sin-categoria"],"acf":{"ser_id":"4CSIXFCF6ZC5VFEYVEAYIK5U3Y","ser_url":"https:\/\/cadenaser.com\/comunitat-valenciana\/2025\/04\/15\/altea-descarta-asumir-las-competencias-para-controlar-las-viviendas-turisticas-radio-benidorm\/"},"_links":{"self":[{"href":"https:\/\/serbenidorm.daliisolutions.com\/index.php\/wp-json\/wp\/v2\/posts\/14242","targetHints":{"allow":["GET"]}}],"collection":[{"href":"https:\/\/serbenidorm.daliisolutions.com\/index.php\/wp-json\/wp\/v2\/posts"}],"about":[{"href":"https:\/\/serbenidorm.daliisolutions.com\/index.php\/wp-json\/wp\/v2\/types\/post"}],"replies":[{"embeddable":true,"href":"https:\/\/serbenidorm.daliisolutions.com\/index.php\/wp-json\/wp\/v2\/comments?post=14242"}],"version-history":[{"count":0,"href":"https:\/\/serbenidorm.daliisolutions.com\/index.php\/wp-json\/wp\/v2\/posts\/14242\/revisions"}],"wp:featuredmedia":[{"embeddable":true,"href":"https:\/\/serbenidorm.daliisolutions.com\/index.php\/wp-json\/wp\/v2\/media\/14243"}],"wp:attachment":[{"href":"https:\/\/serbenidorm.daliisolutions.com\/index.php\/wp-json\/wp\/v2\/media?parent=14242"}],"wp:term":[{"taxonomy":"category","embeddable":true,"href":"https:\/\/serbenidorm.daliisolutions.com\/index.php\/wp-json\/wp\/v2\/categories?post=14242"},{"taxonomy":"post_tag","embeddable":true,"href":"https:\/\/serbenidorm.daliisolutions.com\/index.php\/wp-json\/wp\/v2\/tags?post=14242"}],"curies":[{"name":"wp","href":"https:\/\/api.w.org\/{rel}","templated":true}]}}