{"id":14260,"date":"2025-04-15T19:21:47","date_gmt":"2025-04-15T17:21:47","guid":{"rendered":"https:\/\/serbenidorm.daliisolutions.com\/index.php\/2025\/04\/15\/la-prensa-britanica-se-hace-eco-de-la-muerte-en-benidorm-de-un-turista-de-su-pais\/"},"modified":"2025-04-15T19:21:47","modified_gmt":"2025-04-15T17:21:47","slug":"la-prensa-britanica-se-hace-eco-de-la-muerte-en-benidorm-de-un-turista-de-su-pais","status":"publish","type":"post","link":"https:\/\/serbenidorm.daliisolutions.com\/index.php\/2025\/04\/15\/la-prensa-britanica-se-hace-eco-de-la-muerte-en-benidorm-de-un-turista-de-su-pais\/","title":{"rendered":"La prensa brit\u00e1nica se hace eco de la muerte en Benidorm de un turista de su pa\u00eds"},"content":{"rendered":"  <p><div data-adtype=\"MLDB\"><\/div><\/p>   <p>Benidorm<\/p>   <p>The Sun, The Mirror, Daily Mail\u2026 Gran parte de la prensa brit\u00e1nica se hace eco de la muerte en Benidorm de un turista ingl\u00e9s de 29 a\u00f1os que se desmay\u00f3 <a href=\"https:\/\/cadenaser.com\/tag\/benidorm\/a\/\" target=\"_blank\">en un bar del Rinc\u00f3n de Loix<\/a> y se golpe\u00f3 en la cabeza. Un suceso que ocurr\u00eda a finales de marzo pero que ha saltado ahora a los medios del pa\u00eds de origen de la v\u00edctima.<\/p>   <p>Seg\u00fan han se\u00f1alado estos en sus distintas versiones digitales y han confirmado fuentes de la Polic\u00eda Nacional el joven falleci\u00f3 en el acto a pesar de los intentos de los presentes, incluido el due\u00f1o del local, por salvarle la vida practicando la RCP, la maniobra de reanimaci\u00f3n cardiopulmonar. Un esfuerzo que siguieron sin \u00e9xito los sanitarios desplazados en ambulancia y que llegaron a los pocos minutos, como han relatado testigos visuales del suceso. <\/p>  <p><p>M\u00e1s informaci\u00f3n<\/p><figure><img loading=\"lazy\" decoding=\"async\" src=\"https:\/\/cadenaser.com\/resizer\/v2\/RTAIWB2VTNFPZOAH5ERIBXA7DU.jpg?auth=aa87879be2547d6feff663982aaa899fc10f7576e62c28093f8bec2b8cf3f147&amp;quality=70&amp;width=360&amp;height=202&amp;smart=true\" width=\"820\" height=\"621\" \/><\/figure><ul><li><a href=\"https:\/\/cadenaser.com\/comunitat-valenciana\/2025\/04\/11\/la-ultima-hora-eleva-25-puntos-la-ocupacion-prevista-en-benidorm-para-semana-santa-radio-benidorm\/\"><span>La \u00faltima hora eleva 2,5 puntos la ocupaci\u00f3n prevista en Benidorm para Semana Santa<\/span><\/a><\/li><\/ul><\/p>   <p>El propio gerente del bar comentaba al <a href=\"https:\/\/www.dailymail.co.uk\/news\/article-14606423\/British-father-dead-Benidorm-stag-do.html\" target=\"_blank\">Daily Mail <\/a>como \u00able dieron una inyecci\u00f3n de adrenalina y lo conectaron a una m\u00e1quina, hicieron todo lo que pudieron, fue muy triste\u00bb.<\/p>   <p>El hombre, seg\u00fan han contado los mismos medios del Reino Unido, era padre de un hijo, iba a casarse en mayo y se encontraba en la capital tur\u00edstica de la Costa Blanca celebrando su despedida de soltero. Era procedente de Halifax, West Yorkshire, en el centro del pa\u00eds.<\/p> ","protected":false},"excerpt":{"rendered":"<p>El hombre de 29 a\u00f1os sufri\u00f3 un desmayo en un bar de la zona inglesa<\/p>\n","protected":false},"author":0,"featured_media":14261,"comment_status":"open","ping_status":"open","sticky":false,"template":"","format":"standard","meta":{"_acf_changed":false,"footnotes":""},"categories":[1],"tags":[],"class_list":["post-14260","post","type-post","status-publish","format-standard","has-post-thumbnail","hentry","category-sin-categoria"],"acf":{"ser_id":"HEDZIPM4TFHHRMZRBSVVHIMVBA","ser_url":"https:\/\/cadenaser.com\/comunitat-valenciana\/2025\/04\/15\/la-prensa-britanica-se-hace-eco-de-la-muerte-en-benidorm-de-un-turista-de-su-pais-radio-benidorm\/"},"_links":{"self":[{"href":"https:\/\/serbenidorm.daliisolutions.com\/index.php\/wp-json\/wp\/v2\/posts\/14260","targetHints":{"allow":["GET"]}}],"collection":[{"href":"https:\/\/serbenidorm.daliisolutions.com\/index.php\/wp-json\/wp\/v2\/posts"}],"about":[{"href":"https:\/\/serbenidorm.daliisolutions.com\/index.php\/wp-json\/wp\/v2\/types\/post"}],"replies":[{"embeddable":true,"href":"https:\/\/serbenidorm.daliisolutions.com\/index.php\/wp-json\/wp\/v2\/comments?post=14260"}],"version-history":[{"count":0,"href":"https:\/\/serbenidorm.daliisolutions.com\/index.php\/wp-json\/wp\/v2\/posts\/14260\/revisions"}],"wp:featuredmedia":[{"embeddable":true,"href":"https:\/\/serbenidorm.daliisolutions.com\/index.php\/wp-json\/wp\/v2\/media\/14261"}],"wp:attachment":[{"href":"https:\/\/serbenidorm.daliisolutions.com\/index.php\/wp-json\/wp\/v2\/media?parent=14260"}],"wp:term":[{"taxonomy":"category","embeddable":true,"href":"https:\/\/serbenidorm.daliisolutions.com\/index.php\/wp-json\/wp\/v2\/categories?post=14260"},{"taxonomy":"post_tag","embeddable":true,"href":"https:\/\/serbenidorm.daliisolutions.com\/index.php\/wp-json\/wp\/v2\/tags?post=14260"}],"curies":[{"name":"wp","href":"https:\/\/api.w.org\/{rel}","templated":true}]}}