{"id":14279,"date":"2025-04-16T18:46:13","date_gmt":"2025-04-16T16:46:13","guid":{"rendered":"https:\/\/serbenidorm.daliisolutions.com\/index.php\/2025\/04\/16\/la-nucia-recibe-la-medalla-de-oro-de-la-asociacion-del-deporte-espanol\/"},"modified":"2025-04-16T18:46:13","modified_gmt":"2025-04-16T16:46:13","slug":"la-nucia-recibe-la-medalla-de-oro-de-la-asociacion-del-deporte-espanol","status":"publish","type":"post","link":"https:\/\/serbenidorm.daliisolutions.com\/index.php\/2025\/04\/16\/la-nucia-recibe-la-medalla-de-oro-de-la-asociacion-del-deporte-espanol\/","title":{"rendered":"La Nuc\u00eda recibe la medalla de oro de la Asociaci\u00f3n del Deporte Espa\u00f1ol"},"content":{"rendered":"  <p><div data-adtype=\"MLDB\"><\/div><\/p>   <p>Benidorm<\/p>   <p>Empe\u00f1ada desde hace m\u00e1s de dos d\u00e9cadas en desarrollar una de las mejores ciudades deportivas de todo el pa\u00eds, La Nuc\u00eda lleva ya tiempo recogiendo los frutos de todo ese trabajo e inversi\u00f3n no s\u00f3lo con la organizaci\u00f3n de grandes eventos deportivos nacionales e internacionales, sino tambi\u00e9n con premios y reconocimientos de todo tipo.<\/p>   <p>El \u00faltimo que ha conseguido la Ciutat Esportiva Camilo Cano y, con ella, el resto del municipio ha llegado de manos de la Asociaci\u00f3n del Deporte Espa\u00f1ol (Adesp), que ha otorgado a la localidad su medalla de oro por la promoci\u00f3n del deporte federado Espa\u00f1ol realizada por la localidad.<\/p>   <p>En la misma gala, en la que el alcalde, Bernab\u00e9 Cano, fue el encargado de recibir ese galard\u00f3n, tambi\u00e9n fueron premiados exdeportistas como como Pau Gasol, Ona Carbonell o Sandra S\u00e1nchez.<\/p>   <p>Cano, acompa\u00f1ado por el concejal de deportes, Sergio Villalba, recibieron el premio de manos de Jos\u00e9 Hidalgo, presidente de Adesp, y Carmelo Paniagua, vicepresidente de la asociaci\u00f3n, en un acto que fue presidido por Jos\u00e9 Manuel Rodr\u00edguez Uribes, presidente del Consejo Superior de Deportes del Gobierno de Espa\u00f1a.<\/p>   <p>La Asociaci\u00f3n del Deporte Espa\u00f1ol es una entidad que engloba a todas las federaciones deportivas de Espa\u00f1a y su objetivo es poner en valor el deporte federado por ser un agente imprescindible en el desarrollo deportivo de Espa\u00f1a.<\/p>   <p>Esta medalla de oro de la Adesp, ha explicado Bernab\u00e9 Cano, \u201ces un nuevo galard\u00f3n que recibe el proyecto de \u2018La Nuc\u00eda, Ciudad del Deporte\u2019 por su decidida apuesta por el deporte a todos los niveles\u201d, convirti\u00e9ndose en un referente a nivel nacional e internacional.<\/p>   <p>En ese mismo sentido, cabe recordar que el Parlamento Europeo premi\u00f3 a La Nuc\u00eda con el galard\u00f3n de \u2018Villa Europa del Deporte 2013\u2019, distinci\u00f3n que repiti\u00f3 once a\u00f1os despu\u00e9s por el gran crecimiento de sus infraestructuras deportivas.<\/p>   <p>Adem\u00e1s La Nuc\u00eda ha sido galardonada con el Premio Nacional del Deporte en 2013 por el Consejo Superior de Deportes del Gobierno de Espa\u00f1a. A su vez ha sido premiada por diferentes federaciones, asociaciones y medios de comunicaci\u00f3n durante los \u00faltimos a\u00f1os por ser un referente del deporte.<\/p> ","protected":false},"excerpt":{"rendered":"<p>Une este nuevo galard\u00f3n a un plamar\u00e9s en el que destacan distintos reconocimientos nacionales e internacionales<\/p>\n","protected":false},"author":0,"featured_media":14280,"comment_status":"open","ping_status":"open","sticky":false,"template":"","format":"standard","meta":{"_acf_changed":false,"footnotes":""},"categories":[16],"tags":[],"class_list":["post-14279","post","type-post","status-publish","format-standard","has-post-thumbnail","hentry","category-deportes"],"acf":{"ser_id":"5MSZSFYZJJD5ZF3J55M2MTG5KY","ser_url":"https:\/\/cadenaser.com\/comunitat-valenciana\/2025\/04\/16\/la-nucia-recibe-la-medalla-de-oro-de-la-asociacion-del-deporte-espanol-radio-benidorm\/"},"_links":{"self":[{"href":"https:\/\/serbenidorm.daliisolutions.com\/index.php\/wp-json\/wp\/v2\/posts\/14279","targetHints":{"allow":["GET"]}}],"collection":[{"href":"https:\/\/serbenidorm.daliisolutions.com\/index.php\/wp-json\/wp\/v2\/posts"}],"about":[{"href":"https:\/\/serbenidorm.daliisolutions.com\/index.php\/wp-json\/wp\/v2\/types\/post"}],"replies":[{"embeddable":true,"href":"https:\/\/serbenidorm.daliisolutions.com\/index.php\/wp-json\/wp\/v2\/comments?post=14279"}],"version-history":[{"count":0,"href":"https:\/\/serbenidorm.daliisolutions.com\/index.php\/wp-json\/wp\/v2\/posts\/14279\/revisions"}],"wp:featuredmedia":[{"embeddable":true,"href":"https:\/\/serbenidorm.daliisolutions.com\/index.php\/wp-json\/wp\/v2\/media\/14280"}],"wp:attachment":[{"href":"https:\/\/serbenidorm.daliisolutions.com\/index.php\/wp-json\/wp\/v2\/media?parent=14279"}],"wp:term":[{"taxonomy":"category","embeddable":true,"href":"https:\/\/serbenidorm.daliisolutions.com\/index.php\/wp-json\/wp\/v2\/categories?post=14279"},{"taxonomy":"post_tag","embeddable":true,"href":"https:\/\/serbenidorm.daliisolutions.com\/index.php\/wp-json\/wp\/v2\/tags?post=14279"}],"curies":[{"name":"wp","href":"https:\/\/api.w.org\/{rel}","templated":true}]}}