{"id":1428,"date":"2024-01-16T10:41:35","date_gmt":"2024-01-16T09:41:35","guid":{"rendered":"https:\/\/serbenidorm.daliisolutions.com\/index.php\/2024\/01\/16\/te-invitamos-a-vivir-el-regreso-del-cf-benidorm-al-guillermo-amor\/"},"modified":"2024-01-16T10:41:35","modified_gmt":"2024-01-16T09:41:35","slug":"te-invitamos-a-vivir-el-regreso-del-cf-benidorm-al-guillermo-amor","status":"publish","type":"post","link":"https:\/\/serbenidorm.daliisolutions.com\/index.php\/2024\/01\/16\/te-invitamos-a-vivir-el-regreso-del-cf-benidorm-al-guillermo-amor\/","title":{"rendered":"Te invitamos a vivir el regreso del CF Benidorm al Guillermo Amor"},"content":{"rendered":"  <p>Benidorm<\/p>   <p>El CF Benidorm vuelve el pr\u00f3ximo domingo, 14 de enero, al Estadio Guillermo Amor de Foietes con motivo del encuentro correspondiente a la 14\u00aa jornada de la Lliga Comunitat ante el Calpe. El l\u00edder de la clasificaci\u00f3n quiere seguir afianzando esa posici\u00f3n privilegiada y amarrar cuanto antes el ascenso a la Tercera RFEF en una ma\u00f1ana en la que la entidad ha preparado una aut\u00e9ntica fiesta para su debut en la presente temporada en su casa.<\/p>   <p>Con motivo de este partido, el CF Benidorm y Radio Benidorm-Cadena SER sorteamos <b>cinco entradas dobles<\/b> para asistir a un partido que arrancar\u00e1 a las doce del mediod\u00eda del domingo.<\/p>   <p>Para participar en el sorteo, s\u00f3lo se tendr\u00e1n que seguir los siguientes pasos:<\/p>   <p>1\u00ba Seguir las cuentas de Radio Benidorm en <a href=\"https:\/\/www.facebook.com\/RadioBenidorm\" rel=\"nofollow noopener\" target=\"_blank\">Facebook<\/a>, <a href=\"https:\/\/twitter.com\/RadioBenidorm\" rel=\"nofollow noopener\" target=\"_blank\">Twitter<\/a> y\/o <a href=\"https:\/\/www.instagram.com\/radiobenidormser\/\" rel=\"nofollow noopener\" target=\"_blank\">Instagram<\/a><\/p>   <p>2\u00ba Publicar un mensaje, nombrando la cuenta de Radio Benidorm-SER, lanzando un mensaje de \u00e1nimo al equipo de nuestra ciudad.<\/p>   <p>\u00a1El viernes, 12 de enero, nos pondremos en contacto con los ganadores del sorteo para hacerles llegar las entradas!<\/p> ","protected":false},"excerpt":{"rendered":"<p>El club y Radio Benidorm-SER sorteamos cinco entradas dobles para el primer partido del a\u00f1o en el estadio de Foietes<\/p>\n","protected":false},"author":0,"featured_media":1429,"comment_status":"open","ping_status":"open","sticky":false,"template":"","format":"standard","meta":{"_acf_changed":false,"footnotes":""},"categories":[16],"tags":[],"class_list":["post-1428","post","type-post","status-publish","format-standard","has-post-thumbnail","hentry","category-deportes"],"acf":{"ser_id":"R4TWF4RCHVGVDO5OARBCF3ITB4","ser_url":"https:\/\/cadenaser.com\/comunitat-valenciana\/2024\/01\/08\/te-invitamos-a-vivir-el-regreso-del-cf-benidorm-al-guillermo-amor-radio-benidorm\/"},"_links":{"self":[{"href":"https:\/\/serbenidorm.daliisolutions.com\/index.php\/wp-json\/wp\/v2\/posts\/1428","targetHints":{"allow":["GET"]}}],"collection":[{"href":"https:\/\/serbenidorm.daliisolutions.com\/index.php\/wp-json\/wp\/v2\/posts"}],"about":[{"href":"https:\/\/serbenidorm.daliisolutions.com\/index.php\/wp-json\/wp\/v2\/types\/post"}],"replies":[{"embeddable":true,"href":"https:\/\/serbenidorm.daliisolutions.com\/index.php\/wp-json\/wp\/v2\/comments?post=1428"}],"version-history":[{"count":0,"href":"https:\/\/serbenidorm.daliisolutions.com\/index.php\/wp-json\/wp\/v2\/posts\/1428\/revisions"}],"wp:featuredmedia":[{"embeddable":true,"href":"https:\/\/serbenidorm.daliisolutions.com\/index.php\/wp-json\/wp\/v2\/media\/1429"}],"wp:attachment":[{"href":"https:\/\/serbenidorm.daliisolutions.com\/index.php\/wp-json\/wp\/v2\/media?parent=1428"}],"wp:term":[{"taxonomy":"category","embeddable":true,"href":"https:\/\/serbenidorm.daliisolutions.com\/index.php\/wp-json\/wp\/v2\/categories?post=1428"},{"taxonomy":"post_tag","embeddable":true,"href":"https:\/\/serbenidorm.daliisolutions.com\/index.php\/wp-json\/wp\/v2\/tags?post=1428"}],"curies":[{"name":"wp","href":"https:\/\/api.w.org\/{rel}","templated":true}]}}