{"id":14281,"date":"2025-04-16T18:46:15","date_gmt":"2025-04-16T16:46:15","guid":{"rendered":"https:\/\/serbenidorm.daliisolutions.com\/index.php\/2025\/04\/16\/la-roja-sub-16-disputara-tres-partidos-en-el-guillermo-amor\/"},"modified":"2025-04-16T18:46:15","modified_gmt":"2025-04-16T16:46:15","slug":"la-roja-sub-16-disputara-tres-partidos-en-el-guillermo-amor","status":"publish","type":"post","link":"https:\/\/serbenidorm.daliisolutions.com\/index.php\/2025\/04\/16\/la-roja-sub-16-disputara-tres-partidos-en-el-guillermo-amor\/","title":{"rendered":"La Roja Sub-16 disputar\u00e1 tres partidos en el Guillermo Amor"},"content":{"rendered":"  <p><div data-adtype=\"MLDB\"><\/div><\/p>   <p>Benidorm<\/p>   <p>La selecci\u00f3n espa\u00f1ola de f\u00fatbol sub-16 disputar\u00e1 tres encuentros en el estadio Guillermo Amor de Benidorm en los que se enfrentar\u00e1 a los combinados nacionales de Austria, Turqu\u00eda y B\u00e9lgica dentro del \u2018Programa de Desarrollo de Jugadores J\u00f3venes de \u00c9lite\u2019 dise\u00f1ado por la UEFA.<\/p>   <p>El combinado nacional que dirige David Gordo jugar\u00e1 contra Austria el martes 22 de abril a las 11 horas. Dos d\u00edas despu\u00e9s lo har\u00e1 frente a Turqu\u00eda a la misma hora y el domingo 27 cerrar\u00e1 sus encuentros ante B\u00e9lgica, tambi\u00e9n a las 11,00 horas.<\/p>   <p>La UEFA desarrolla estos programas juveniles para ayudar a futbolistas talentosos de toda Europa con el fin de que alcancen su m\u00e1ximo potencial, como parte de su misi\u00f3n de promover, proteger y desarrollar el f\u00fatbol europeo.<\/p>   <p>En ese sentido, el programa de academia juvenil de \u00e9lite ha brindado apoyo personalizado para ayudar a las asociaciones nacionales a crear las condiciones adecuadas para que los j\u00f3venes futbolistas se desarrollen y maximicen su potencial contribuyendo a la organizaci\u00f3n de cientos de competiciones en las que miles de jugadores han dado posteriormente el salto a la fama internacional.<\/p> ","protected":false},"excerpt":{"rendered":"<p>La selecci\u00f3n espa\u00f1ola se medir\u00e1 en Benidorm a B\u00e9lgica, Austria y Turqu\u00eda<\/p>\n","protected":false},"author":0,"featured_media":14282,"comment_status":"open","ping_status":"open","sticky":false,"template":"","format":"standard","meta":{"_acf_changed":false,"footnotes":""},"categories":[16],"tags":[],"class_list":["post-14281","post","type-post","status-publish","format-standard","has-post-thumbnail","hentry","category-deportes"],"acf":{"ser_id":"JAJUVULQGZBHLBEGQPF2DUAIBY","ser_url":"https:\/\/cadenaser.com\/comunitat-valenciana\/2025\/04\/16\/la-roja-sub-16-disputara-tres-partidos-en-el-guillermo-amor-radio-benidorm\/"},"_links":{"self":[{"href":"https:\/\/serbenidorm.daliisolutions.com\/index.php\/wp-json\/wp\/v2\/posts\/14281","targetHints":{"allow":["GET"]}}],"collection":[{"href":"https:\/\/serbenidorm.daliisolutions.com\/index.php\/wp-json\/wp\/v2\/posts"}],"about":[{"href":"https:\/\/serbenidorm.daliisolutions.com\/index.php\/wp-json\/wp\/v2\/types\/post"}],"replies":[{"embeddable":true,"href":"https:\/\/serbenidorm.daliisolutions.com\/index.php\/wp-json\/wp\/v2\/comments?post=14281"}],"version-history":[{"count":0,"href":"https:\/\/serbenidorm.daliisolutions.com\/index.php\/wp-json\/wp\/v2\/posts\/14281\/revisions"}],"wp:featuredmedia":[{"embeddable":true,"href":"https:\/\/serbenidorm.daliisolutions.com\/index.php\/wp-json\/wp\/v2\/media\/14282"}],"wp:attachment":[{"href":"https:\/\/serbenidorm.daliisolutions.com\/index.php\/wp-json\/wp\/v2\/media?parent=14281"}],"wp:term":[{"taxonomy":"category","embeddable":true,"href":"https:\/\/serbenidorm.daliisolutions.com\/index.php\/wp-json\/wp\/v2\/categories?post=14281"},{"taxonomy":"post_tag","embeddable":true,"href":"https:\/\/serbenidorm.daliisolutions.com\/index.php\/wp-json\/wp\/v2\/tags?post=14281"}],"curies":[{"name":"wp","href":"https:\/\/api.w.org\/{rel}","templated":true}]}}