{"id":1430,"date":"2024-01-16T10:41:36","date_gmt":"2024-01-16T09:41:36","guid":{"rendered":"https:\/\/serbenidorm.daliisolutions.com\/index.php\/2024\/01\/16\/la-vila-joiosa-celebrara-el-dia-de-la-bici-el-28-de-enero\/"},"modified":"2024-01-16T10:41:36","modified_gmt":"2024-01-16T09:41:36","slug":"la-vila-joiosa-celebrara-el-dia-de-la-bici-el-28-de-enero","status":"publish","type":"post","link":"https:\/\/serbenidorm.daliisolutions.com\/index.php\/2024\/01\/16\/la-vila-joiosa-celebrara-el-dia-de-la-bici-el-28-de-enero\/","title":{"rendered":"La Vila Joiosa celebrar\u00e1 el D\u00eda de la Bici el 28 de enero"},"content":{"rendered":"  <p>Benidorm<\/p>   <p>El D\u00eda de la Bici de La Vila Joiosa, que se celebrar\u00e1 el pr\u00f3ximo domingo, 28 de enero; cumplir\u00e1 este a\u00f1o su 24\u00aa edici\u00f3n. Para ello, el Grup Ecologista Xoriguer y la concejal\u00eda de Deportes han firmado un convenio para llevar a cabo esta iniciativa en la que se prev\u00e9 que participen miles de aficionados a la bicicleta.<\/p>   <p>El recorrido partir\u00e1 a las 10:00 horas desde el recinto del mercadillo y se recorrer\u00e1n, aproximadamente, diez kil\u00f3metros por diferentes barrios y partidas del municipio. Las inscripciones se podr\u00e1n realizar a partir del d\u00eda 17 de enero en la calle Constituci\u00f3n, n\u00famero 44, con un precio de cinco euros, que incluye avituallamiento, camiseta, participaci\u00f3n en un sorteo y cobertura de seguro.<\/p>   <p>El representante de Xoriguer, Jaume Vaello, explica que el objetivo de esta iniciativa es \u201cpromover el uso diario de la bicicleta como medio de transporte entre las familias, as\u00ed como la creaci\u00f3n y mantenimiento de carriles bici y aparcamientos espec\u00edficos en el t\u00e9rmino municipal, al mismo tiempo que se forma y conciencia sobre seguridad vial entre los usuarios de este veh\u00edculo sostenible y respetuoso con el medio ambiente\u201d.<\/p>   <p>Por su parte, el concejal de Deportes, Peyo Lloret, anima a todos los ciudadanos a participar en esta jornada en la que \u201cvamos a retomar esta actividad tan arraigada en Villajoyosa que permitir\u00e1 que los vileros vuelvana disfrutar de un d\u00eda de convivencia alrededor de la bicicleta y compartir una ruta saludable por diferentes zonas del municipio sin tr\u00e1fico\u201d.<\/p> ","protected":false},"excerpt":{"rendered":"<p>Las inscripciones, con un precio de cinco euros, se abrir\u00e1n el d\u00eda 17 de enero<\/p>\n","protected":false},"author":0,"featured_media":1431,"comment_status":"open","ping_status":"open","sticky":false,"template":"","format":"standard","meta":{"_acf_changed":false,"footnotes":""},"categories":[16],"tags":[],"class_list":["post-1430","post","type-post","status-publish","format-standard","has-post-thumbnail","hentry","category-deportes"],"acf":{"ser_id":"XOYOPRVADBB27HO22266NSBDA4","ser_url":"https:\/\/cadenaser.com\/comunitat-valenciana\/2024\/01\/09\/la-vila-joiosa-celebrara-el-dia-de-la-bici-el-28-de-enero-radio-benidorm\/"},"_links":{"self":[{"href":"https:\/\/serbenidorm.daliisolutions.com\/index.php\/wp-json\/wp\/v2\/posts\/1430","targetHints":{"allow":["GET"]}}],"collection":[{"href":"https:\/\/serbenidorm.daliisolutions.com\/index.php\/wp-json\/wp\/v2\/posts"}],"about":[{"href":"https:\/\/serbenidorm.daliisolutions.com\/index.php\/wp-json\/wp\/v2\/types\/post"}],"replies":[{"embeddable":true,"href":"https:\/\/serbenidorm.daliisolutions.com\/index.php\/wp-json\/wp\/v2\/comments?post=1430"}],"version-history":[{"count":0,"href":"https:\/\/serbenidorm.daliisolutions.com\/index.php\/wp-json\/wp\/v2\/posts\/1430\/revisions"}],"wp:featuredmedia":[{"embeddable":true,"href":"https:\/\/serbenidorm.daliisolutions.com\/index.php\/wp-json\/wp\/v2\/media\/1431"}],"wp:attachment":[{"href":"https:\/\/serbenidorm.daliisolutions.com\/index.php\/wp-json\/wp\/v2\/media?parent=1430"}],"wp:term":[{"taxonomy":"category","embeddable":true,"href":"https:\/\/serbenidorm.daliisolutions.com\/index.php\/wp-json\/wp\/v2\/categories?post=1430"},{"taxonomy":"post_tag","embeddable":true,"href":"https:\/\/serbenidorm.daliisolutions.com\/index.php\/wp-json\/wp\/v2\/tags?post=1430"}],"curies":[{"name":"wp","href":"https:\/\/api.w.org\/{rel}","templated":true}]}}