{"id":14303,"date":"2025-04-17T08:07:55","date_gmt":"2025-04-17T06:07:55","guid":{"rendered":"https:\/\/serbenidorm.daliisolutions.com\/index.php\/2025\/04\/17\/el-tiempo-en-benidorm-y-la-marina-baixa-hasta-el-lunes-de-pascua-este-sera-el-mejor-dia-para-ir-a-la-playa\/"},"modified":"2025-04-17T08:07:55","modified_gmt":"2025-04-17T06:07:55","slug":"el-tiempo-en-benidorm-y-la-marina-baixa-hasta-el-lunes-de-pascua-este-sera-el-mejor-dia-para-ir-a-la-playa","status":"publish","type":"post","link":"https:\/\/serbenidorm.daliisolutions.com\/index.php\/2025\/04\/17\/el-tiempo-en-benidorm-y-la-marina-baixa-hasta-el-lunes-de-pascua-este-sera-el-mejor-dia-para-ir-a-la-playa\/","title":{"rendered":"El tiempo en Benidorm y la Marina Baixa hasta el lunes de pascua: este ser\u00e1 el mejor d\u00eda para ir a la playa"},"content":{"rendered":"  <p><div data-adtype=\"MLDB\"><\/div><\/p>   <p>Benidorm<\/p>   <p>Est\u00e1 siendo una Semana Santa con curvas en lo meteorol\u00f3gico en todo el territorio nacional y tambi\u00e9n en Benidorm y la Marina Baixa, donde hemos visto en las \u00faltimas jornadas pasar del sol a la lluvia varias veces y en un margen de pocos minutos. As\u00ed las cosas, el hombre del tiempo de <a href=\"https:\/\/cadenaser.com\/tag\/benidorm\/a\/\" target=\"_blank\">Radio Benidorm<\/a> ha ampliado la previsi\u00f3n hasta el lunes de pascua y lo tiene claro: el mejor d\u00eda para ir a la playa y darse un ba\u00f1o ser\u00e1 el s\u00e1bado santo.<\/p>   <p>Llu\u00eds Franc\u00e9s ha recordado en <a href=\"https:\/\/cadenaser.com\/tag\/comarca_la_marina_baixa\/a\/\" target=\"_blank\">La Ventana de la Marina Baixa<\/a> que el mi\u00e9rcoles santo va a estar protagonizado por el viento, que puede llegar por la tarde con rachas fuertes de hasta 70 kil\u00f3metros por hora, lo que ha motivado que la Agencia Estatal de Meteorolog\u00eda (Aemet) haya activado el aviso amarillo en la provincia de Alicante. Mi\u00e9rcoles de nubes y claros en Benidorm con una temperatura m\u00ednima de 11 y m\u00e1xima de 20 grados.<\/p>  <p><p>M\u00e1s informaci\u00f3n<\/p><figure><img loading=\"lazy\" decoding=\"async\" src=\"https:\/\/cadenaser.com\/resizer\/v2\/G2VKOX4ON5GLXAJPV2SOQY5P5Y.jpg?auth=7bf6588248e4a80a896a212e54af39441766cd540c6a05182dc3e049c2298dcf&amp;quality=70&amp;width=360&amp;height=202&amp;smart=true\" width=\"820\" height=\"621\" \/><\/figure><ul><li><a href=\"https:\/\/cadenaser.com\/comunitat-valenciana\/2025\/04\/11\/programa-de-la-semana-santa-2025-en-benidorm-villajoyosa-y-altea-radio-benidorm\/\"><span>Programa de la Semana Santa 2025 en Benidorm, Villajoyosa y Altea<\/span><\/a><\/li><\/ul><\/p>   <p>El jueves los cielos se van a presentar despejados en toda la comarca y suben las temperaturas m\u00ednimas, que se van a quedar en torno a los 13 grados. Empieza un periodo de estabilidad atmosf\u00e9rica en la mayor parte de la pen\u00ednsula y se reducen notablemente los vientos: \u00abUna tranquilidad que se va a extender hasta el s\u00e1bado\u00bb.<\/p>   <p>Atenci\u00f3n al domingo<\/p>   <p>Las temperaturas siguen subiendo hasta superar el s\u00e1bado los 20 grados en el litoral, pero atenci\u00f3n al domingo de resurrecci\u00f3n porque se espera una bajada acusada de las temperaturas: \u00abEntra un meandro fr\u00edo y esperamos mayor \u00edndice de nubosidad, no esperamos una gran cantidad de precipitaciones pero el d\u00eda de la mona va a ser fresquito y yo llevar\u00eda ropa de abrigo\u00bb.<\/p>   <p>El lunes de pascua se recuperan algo las temperaturas, entre los 13 y los 20 grados, y la Aemet reduce la probabilidad de lluvia al 30% con predominio del sol y algo de nubosidad. No obstante, como siempre advierte Franc\u00e9s, las predicciones pierden efectividad conforme se alejan en el calendario.<\/p> ","protected":false},"excerpt":{"rendered":"<p>Los d\u00edas festivos de esta Semana Santa van a presentar en la comarca todo tipo de situaciones atmosf\u00e9ricas<\/p>\n","protected":false},"author":0,"featured_media":14304,"comment_status":"open","ping_status":"open","sticky":false,"template":"","format":"standard","meta":{"_acf_changed":false,"footnotes":""},"categories":[1],"tags":[],"class_list":["post-14303","post","type-post","status-publish","format-standard","has-post-thumbnail","hentry","category-sin-categoria"],"acf":{"ser_id":"3HBPPK2JLVEQXIRL5W3Q35RPYM","ser_url":"https:\/\/cadenaser.com\/comunitat-valenciana\/2025\/04\/16\/el-tiempo-en-benidorm-y-la-marina-baixa-hasta-el-lunes-de-pascua-este-sera-el-mejor-dia-para-ir-a-la-playa-radio-benidorm\/"},"_links":{"self":[{"href":"https:\/\/serbenidorm.daliisolutions.com\/index.php\/wp-json\/wp\/v2\/posts\/14303","targetHints":{"allow":["GET"]}}],"collection":[{"href":"https:\/\/serbenidorm.daliisolutions.com\/index.php\/wp-json\/wp\/v2\/posts"}],"about":[{"href":"https:\/\/serbenidorm.daliisolutions.com\/index.php\/wp-json\/wp\/v2\/types\/post"}],"replies":[{"embeddable":true,"href":"https:\/\/serbenidorm.daliisolutions.com\/index.php\/wp-json\/wp\/v2\/comments?post=14303"}],"version-history":[{"count":0,"href":"https:\/\/serbenidorm.daliisolutions.com\/index.php\/wp-json\/wp\/v2\/posts\/14303\/revisions"}],"wp:featuredmedia":[{"embeddable":true,"href":"https:\/\/serbenidorm.daliisolutions.com\/index.php\/wp-json\/wp\/v2\/media\/14304"}],"wp:attachment":[{"href":"https:\/\/serbenidorm.daliisolutions.com\/index.php\/wp-json\/wp\/v2\/media?parent=14303"}],"wp:term":[{"taxonomy":"category","embeddable":true,"href":"https:\/\/serbenidorm.daliisolutions.com\/index.php\/wp-json\/wp\/v2\/categories?post=14303"},{"taxonomy":"post_tag","embeddable":true,"href":"https:\/\/serbenidorm.daliisolutions.com\/index.php\/wp-json\/wp\/v2\/tags?post=14303"}],"curies":[{"name":"wp","href":"https:\/\/api.w.org\/{rel}","templated":true}]}}