{"id":14333,"date":"2025-04-17T19:42:29","date_gmt":"2025-04-17T17:42:29","guid":{"rendered":"https:\/\/serbenidorm.daliisolutions.com\/index.php\/2025\/04\/17\/prohibido-fumar-en-hasta-17-playas-de-altea-villajoyosa-lalfas-del-pi-y-finestrat-desde-este-verano\/"},"modified":"2025-04-17T19:42:29","modified_gmt":"2025-04-17T17:42:29","slug":"prohibido-fumar-en-hasta-17-playas-de-altea-villajoyosa-lalfas-del-pi-y-finestrat-desde-este-verano","status":"publish","type":"post","link":"https:\/\/serbenidorm.daliisolutions.com\/index.php\/2025\/04\/17\/prohibido-fumar-en-hasta-17-playas-de-altea-villajoyosa-lalfas-del-pi-y-finestrat-desde-este-verano\/","title":{"rendered":"Prohibido fumar en hasta 17 playas de Altea, Villajoyosa, L&#8217;Alf\u00e0s del Pi y Finestrat desde este verano"},"content":{"rendered":"  <p><div data-adtype=\"MLDB\"><\/div><\/p>   <p>Benidorm<\/p>   <p>Adi\u00f3s al tabaco a partir de este verano en las 14 playas y calas de La Vila Joiosa, la del Bol en Altea y la del Albir en l\u2019Alf\u00e1s del Pi. Se suman as\u00ed la Cala de Finestrat, la \u00fanica de la Marina Baixa donde ya estaba prohibido, desde hace cuatro a\u00f1os, y se multa con hasta 750 euros.<\/p>   <p>Los distintos ayuntamientos de la comarca est\u00e1n tramitando en estos momentos completa o parcialmente su adhesi\u00f3n a esta red de playas sin humo de la Direcci\u00f3n general de Salud P\u00fablica de la Generalitat Valenciana y, antes de explorar sanciones, trabajan durante estos meses en la se\u00f1alizaci\u00f3n, carteler\u00eda y otras acciones de concienciaci\u00f3n.<\/p>   <p><a href=\"https:\/\/cadenaser.com\/tag\/comarca_la_marina_baixa\/a\/\" target=\"_blank\">Solo las playas de Benidorm escapan todav\u00eda a la prohibici\u00f3n de fumar y no del todo porque ya est\u00e1 restringido en los tres puntos accesibles<\/a>, los dos de Poniente y el de Levante, donde se facilita el ba\u00f1o a personas con problemas de movilidad. Decisi\u00f3n fruto del acuerdo, en este caso, con la Asociaci\u00f3n Espa\u00f1ola Contra el C\u00e1ncer (AECC).<\/p>  <p><p>M\u00e1s informaci\u00f3n<\/p><figure><img loading=\"lazy\" decoding=\"async\" src=\"https:\/\/cadenaser.com\/resizer\/v2\/O4NZHJIMV5A4HC2L55EXAIPUME.jpg?auth=9d612e4dd210efcbe6b76c3527f6c0e5d3b7e6335ba0b7064c1f5585268014ac&amp;quality=70&amp;width=360&amp;height=202&amp;smart=true\" width=\"820\" height=\"621\" \/><\/figure><ul><li><a href=\"https:\/\/cadenaser.com\/comunitat-valenciana\/2025\/04\/11\/asi-llegan-las-playas-de-benidorm-y-la-marina-baixa-a-la-semana-santa-radio-benidorm\/\"><span>As\u00ed llegan las playas de Benidorm y la Marina Baixa a la Semana Santa<\/span><\/a><\/li><\/ul><\/p>   <p>En La Vila ya formaron parte de la mencionada red vuelven a decir adi\u00f3s al cigarrillo en todo su litoral. La concejala de Sanidad, Maite S\u00e1nchez, explica que el objetivo es ir creando espacios libres de humo \u00aby poder estar en la playa en un entorno saludable\u00bb.<\/p>   <p>En Altea la edil de Escena Urbana, Aurora Serrat, ha adelantado a <a href=\"https:\/\/cadenaser.com\/tag\/benidorm\/a\/\" target=\"_blank\">Radio Benidorm<\/a> que tambi\u00e9n quieren \u00abprobar\u00bb esta iniciativa, en concreto en la playa urbana del Bol: \u00abEstamos trabajando ya para que el usuario sea conocedor de las nuevas normas y poder comprobar su funcionamiento\u00bb.<\/p>   <p>El Ayuntamiento de l\u2019Alf\u00e0s del Pi aprobar\u00e1 el viernes 25 de este mes de abril en pleno dar el mismo paso para playa Albir y el tr\u00e1mite, nos ha confirmado el responsable de Medio Ambiente Luis Miguel Morant, ir\u00e1 de la mano con la ordenanza y las sanciones: \u00abProtege un espacio tan particular y privilegiado a los pies de Serra Gelada\u00bb.<\/p> ","protected":false},"excerpt":{"rendered":"<p>Los 14 arenales de La Vila y la playa del Bol, en Altea, se unen al anuncio de l&#8217;Alf\u00e0s del Pi de unir El Albir a la red de playas sin humo de la que ya forma parte la cala de Finestrat<\/p>\n","protected":false},"author":0,"featured_media":14334,"comment_status":"open","ping_status":"open","sticky":false,"template":"","format":"standard","meta":{"_acf_changed":false,"footnotes":""},"categories":[1],"tags":[],"class_list":["post-14333","post","type-post","status-publish","format-standard","has-post-thumbnail","hentry","category-sin-categoria"],"acf":{"ser_id":"MHRSCFIE5VCR5PDP5MV35L7N3U","ser_url":"https:\/\/cadenaser.com\/comunitat-valenciana\/2025\/04\/17\/prohibido-fumar-en-hasta-17-playas-de-altea-villajoyosa-lalfas-del-pi-y-finestrat-desde-este-verano-radio-benidorm\/"},"_links":{"self":[{"href":"https:\/\/serbenidorm.daliisolutions.com\/index.php\/wp-json\/wp\/v2\/posts\/14333","targetHints":{"allow":["GET"]}}],"collection":[{"href":"https:\/\/serbenidorm.daliisolutions.com\/index.php\/wp-json\/wp\/v2\/posts"}],"about":[{"href":"https:\/\/serbenidorm.daliisolutions.com\/index.php\/wp-json\/wp\/v2\/types\/post"}],"replies":[{"embeddable":true,"href":"https:\/\/serbenidorm.daliisolutions.com\/index.php\/wp-json\/wp\/v2\/comments?post=14333"}],"version-history":[{"count":0,"href":"https:\/\/serbenidorm.daliisolutions.com\/index.php\/wp-json\/wp\/v2\/posts\/14333\/revisions"}],"wp:featuredmedia":[{"embeddable":true,"href":"https:\/\/serbenidorm.daliisolutions.com\/index.php\/wp-json\/wp\/v2\/media\/14334"}],"wp:attachment":[{"href":"https:\/\/serbenidorm.daliisolutions.com\/index.php\/wp-json\/wp\/v2\/media?parent=14333"}],"wp:term":[{"taxonomy":"category","embeddable":true,"href":"https:\/\/serbenidorm.daliisolutions.com\/index.php\/wp-json\/wp\/v2\/categories?post=14333"},{"taxonomy":"post_tag","embeddable":true,"href":"https:\/\/serbenidorm.daliisolutions.com\/index.php\/wp-json\/wp\/v2\/tags?post=14333"}],"curies":[{"name":"wp","href":"https:\/\/api.w.org\/{rel}","templated":true}]}}