{"id":1434,"date":"2024-01-16T10:41:37","date_gmt":"2024-01-16T09:41:37","guid":{"rendered":"https:\/\/serbenidorm.daliisolutions.com\/index.php\/2024\/01\/16\/la-nucia-empieza-el-ano-con-derrota\/"},"modified":"2024-01-16T10:41:37","modified_gmt":"2024-01-16T09:41:37","slug":"la-nucia-empieza-el-ano-con-derrota","status":"publish","type":"post","link":"https:\/\/serbenidorm.daliisolutions.com\/index.php\/2024\/01\/16\/la-nucia-empieza-el-ano-con-derrota\/","title":{"rendered":"La Nuc\u00eda empieza el a\u00f1o con derrota"},"content":{"rendered":"  <p>Benidorm<\/p>   <p>Tras ser confirmado como entrenador del C.F. La Nuc\u00eda el viernes de la pasada semana, la nueva aventura de Mario Cartagena como inquilino del banquillo rojillo no ha podido comenzar con un tono positivo despu\u00e9s de caer derrotado por 1-0 en su visita al campo del Badalona Futur.<\/p>   <p>Los locales, que ven\u00edan de encadenar una racha de una derrota y cuatro empates consecutivos, necesitaban sumar los tres puntos para mantenerse en el grupo de equipos que est\u00e1n peleando por los puestos de ascenso.<\/p>   <p>Durante la primera mitad, ninguno de los dos equipos fue capaz de ver porter\u00eda contraria y no fue hasta el minuto 64 de partido cuando Genar Forn\u00e9s pudo poner el 1-0 definitivo en el marcador.<\/p>   <p>Tras esta nueva derrota, la 11\u00aa en lo que va de temporada, La Nuc\u00eda sigue como colista con s\u00f3lo diez puntos y se coloca ya a once puntos de la salvaci\u00f3n.<\/p> ","protected":false},"excerpt":{"rendered":"<p>El equipo de Mario Cartagena se sit\u00faa ya a once puntos de la salvaci\u00f3n<\/p>\n","protected":false},"author":0,"featured_media":1435,"comment_status":"open","ping_status":"open","sticky":false,"template":"","format":"standard","meta":{"_acf_changed":false,"footnotes":""},"categories":[16],"tags":[],"class_list":["post-1434","post","type-post","status-publish","format-standard","has-post-thumbnail","hentry","category-deportes"],"acf":{"ser_id":"BZBRYB2LWBDOXI3HA34T3DVPKM","ser_url":"https:\/\/cadenaser.com\/comunitat-valenciana\/2024\/01\/08\/la-nucia-empieza-el-ano-con-derrota-radio-benidorm\/"},"_links":{"self":[{"href":"https:\/\/serbenidorm.daliisolutions.com\/index.php\/wp-json\/wp\/v2\/posts\/1434","targetHints":{"allow":["GET"]}}],"collection":[{"href":"https:\/\/serbenidorm.daliisolutions.com\/index.php\/wp-json\/wp\/v2\/posts"}],"about":[{"href":"https:\/\/serbenidorm.daliisolutions.com\/index.php\/wp-json\/wp\/v2\/types\/post"}],"replies":[{"embeddable":true,"href":"https:\/\/serbenidorm.daliisolutions.com\/index.php\/wp-json\/wp\/v2\/comments?post=1434"}],"version-history":[{"count":0,"href":"https:\/\/serbenidorm.daliisolutions.com\/index.php\/wp-json\/wp\/v2\/posts\/1434\/revisions"}],"wp:featuredmedia":[{"embeddable":true,"href":"https:\/\/serbenidorm.daliisolutions.com\/index.php\/wp-json\/wp\/v2\/media\/1435"}],"wp:attachment":[{"href":"https:\/\/serbenidorm.daliisolutions.com\/index.php\/wp-json\/wp\/v2\/media?parent=1434"}],"wp:term":[{"taxonomy":"category","embeddable":true,"href":"https:\/\/serbenidorm.daliisolutions.com\/index.php\/wp-json\/wp\/v2\/categories?post=1434"},{"taxonomy":"post_tag","embeddable":true,"href":"https:\/\/serbenidorm.daliisolutions.com\/index.php\/wp-json\/wp\/v2\/tags?post=1434"}],"curies":[{"name":"wp","href":"https:\/\/api.w.org\/{rel}","templated":true}]}}