{"id":14345,"date":"2025-04-18T12:54:50","date_gmt":"2025-04-18T10:54:50","guid":{"rendered":"https:\/\/serbenidorm.daliisolutions.com\/index.php\/2025\/04\/18\/las-kellys-de-benidorm-apoyan-la-huelga-de-hosteleria-de-tenerife-y-plantean-trasladarla-a-todos-los-destinos-turisticos-saturados\/"},"modified":"2025-04-18T12:54:50","modified_gmt":"2025-04-18T10:54:50","slug":"las-kellys-de-benidorm-apoyan-la-huelga-de-hosteleria-de-tenerife-y-plantean-trasladarla-a-todos-los-destinos-turisticos-saturados","status":"publish","type":"post","link":"https:\/\/serbenidorm.daliisolutions.com\/index.php\/2025\/04\/18\/las-kellys-de-benidorm-apoyan-la-huelga-de-hosteleria-de-tenerife-y-plantean-trasladarla-a-todos-los-destinos-turisticos-saturados\/","title":{"rendered":"Las Kellys de Benidorm apoyan la huelga de hosteler\u00eda de Tenerife y plantean trasladarla a todos los destinos tur\u00edsticos saturados"},"content":{"rendered":"  <p><div data-adtype=\"MLDB\"><\/div><\/p>   <p>Alicante <\/p>   <p>Semana Santa de alta ocupaci\u00f3n tur\u00edstica en toda la provincia de Alicante, lo que supone tambi\u00e9n altas cargas de trabajo todo el personal de hosteler\u00eda. <\/p>   <p>En Benidorm, por ejemplo, la ocupaci\u00f3n hotelera supera el 85% durante estos d\u00edas. La buena climatolog\u00eda podr\u00eda incluso incrementar esas cifras con las reservas de \u00faltima hora. <\/p>   <p><p>M\u00e1s informaci\u00f3n<\/p><ul><li><a href=\"https:\/\/cadenaser.com\/canarias\/2025\/04\/17\/se-mantiene-la-huelga-en-el-turismo-de-la-provincia-de-santa-cruz-de-tenerife-jueves-y-viernes-santo-ser-las-palmas\/\"><span>Se mantiene la huelga en el turismo de la provincia de Santa Cruz de Tenerife Jueves y Viernes Santo<\/span><\/a><\/li><\/ul><\/p>   <p>Las camareras de piso de esta zona aseguran que \u00abla Semana Santa es un mes de agosto para nosotras\u00bb. Y es que, un a\u00f1o m\u00e1s, siguen denunciando que \u00abno se cumplen los convenios\u00bb para regular las cargas de trabajo. Recuerdan que hay un art\u00edculo que dice que en \u00e9pocas de m\u00e1xima ocupaci\u00f3n, como puede ser Semana Santa, se tiene que regular la carga de trabajo. <\/p>   <p>Yolanda Garc\u00eda, portavoz de las Kellys de Benidorm y la Marina Baixa, se\u00f1ala que esto es \u00abcomo el d\u00eda de la marmota\u00bb. \u00abCada a\u00f1o igual, la carga de trabajo sigue siendo inadmisible. Los convenios est\u00e1n en un papel, pero nadie se preocupa por ellos\u00bb. <\/p>  <p><figure><img decoding=\"async\" src=\"https:\/\/cadenaser.com\/resizer\/v2\/IUFLM2WJBZKKZNSZQWDPJ2PQHU.jpg?auth=421c54068d63e11a980cbc1976a92076b2cd5e565429d2a5af07f6eb80251f76&amp;quality=70&amp;width=650&amp;height=487&amp;smart=true\" alt=\"Yolanda Garc\u00eda, portavoz de Las Kellys en la Marina Baixa, en los estudios de Radio Benidorm\" width=\"4\" height=\"3\" loading=\"lazy\" \/><figcaption class=\"fc\"><p><span>Yolanda Garc\u00eda, portavoz de Las Kellys en la Marina Baixa, en los estudios de Radio Benidorm<\/span> \/ <span>Cadena SER<\/span><\/p><\/figcaption><\/figure><button class=\"bt-am\">Ampliar<\/button><div class=\"lb d-none\"><div><figure><img loading=\"lazy\" decoding=\"async\" src=\"https:\/\/cadenaser.com\/resizer\/v2\/IUFLM2WJBZKKZNSZQWDPJ2PQHU.jpg?auth=421c54068d63e11a980cbc1976a92076b2cd5e565429d2a5af07f6eb80251f76\" alt=\"Yolanda Garc\u00eda, portavoz de Las Kellys en la Marina Baixa, en los estudios de Radio Benidorm\" width=\"4\" height=\"3\" \/><figcaption class=\"fc\"><p><span>Yolanda Garc\u00eda, portavoz de Las Kellys en la Marina Baixa, en los estudios de Radio Benidorm<\/span> \/ <span>Cadena SER<\/span><\/p><\/figcaption><\/figure><button>Cerrar<\/button><\/div><\/div><\/p>   <p>Explica que en estos d\u00edas se est\u00e1n encontrando, sobre todo en los hoteles del Rinc\u00f3n de Loix, en la conocida como &#8216;zona guiri&#8217;, muchas habitaciones con hasta cuatro o cinco camas. La media por camarera de piso se sit\u00faa entre las 20 y 23 habitaciones diarias. <\/p>   <p><div class=\"c-mul-sc\"><div id=\"player-1744968962928\" class=\"c-player-audio\"><button class=\"bt-play\" data-audioid=\"1744968962928\" data-type=\"aod\" data-accountname=\"playser\"><\/button><div class=\"c-copiado\"><p>El c\u00f3digo iframe se ha copiado en el portapapeles<\/p><\/div><div class=\"d-audio\"><p class=\"tit\">Yolanda Garc\u00eda, portavoz de las Kellys de Benidorm y la Marina Baixa: \u00abLa Semana Santa es un agosto para nosotras\u00bb<\/p><div class=\"b-pro\"><span class=\"progreso\"><\/span><\/div><div class=\"c-times\"><span class=\"t-progreso\">00:00:00<\/span><span class=\"t-total-audio\">00:30<\/span><\/div><\/div><button class=\"bt-op\"><\/button><div class=\"c-opciones c-comun\"><a href=\"https:\/\/prisa-es.mc.tritondigital.com\/SER_RADIO_ALICANTE_HORA_14\/media\/mcv\/playser\/multimedia\/20250418\/4434702_093628_audio_128.mp3?dist=cadenaser-web-tfp-permanente&amp;csegid=22000&amp;dl=1\" class=\"bt-down\">Descargar<\/a><button class=\"bt-share\">Compartir<\/button><button class=\"bt-close\">Cerrar<\/button><\/div><div class=\"c-opciones c-share\"><button class=\"bt-fb\" data-ssnn=\"facebook\" data-url=\"https:\/\/cadenaser.com\/comunitat-valenciana\/2025\/04\/18\/las-kellys-de-benidorm-apoyan-la-huelga-de-hosteleria-de-tenerife-y-plantean-trasladarla-a-todos-los-destinos-turisticos-saturados-radio-alicante\/\">Facebook<\/button><button class=\"bt-tw\" data-ssnn=\"twitter\" data-url=\"https:\/\/cadenaser.com\/comunitat-valenciana\/2025\/04\/18\/las-kellys-de-benidorm-apoyan-la-huelga-de-hosteleria-de-tenerife-y-plantean-trasladarla-a-todos-los-destinos-turisticos-saturados-radio-alicante\/\">Twitter<\/button><button class=\"bt-li\" data-ssnn=\"linkedin\" data-url=\"https:\/\/cadenaser.com\/comunitat-valenciana\/2025\/04\/18\/las-kellys-de-benidorm-apoyan-la-huelga-de-hosteleria-de-tenerife-y-plantean-trasladarla-a-todos-los-destinos-turisticos-saturados-radio-alicante\/\">Linkedin<\/button><button class=\"bt-wh\" data-ssnn=\"whatsapp\" data-url=\"https:\/\/cadenaser.com\/comunitat-valenciana\/2025\/04\/18\/las-kellys-de-benidorm-apoyan-la-huelga-de-hosteleria-de-tenerife-y-plantean-trasladarla-a-todos-los-destinos-turisticos-saturados-radio-alicante\/\">WhatsApp<\/button><button class=\"bt-close\">Cerrar<\/button><\/div><\/div><\/div><\/p>   <p>Recuerda que este ritmo fren\u00e9tico de trabajo est\u00e1 provocando lesiones cr\u00f3nicas a las camareras de piso. En la gran mayor\u00eda de ocasiones tienen que medicarse para poder ir a trabajar. <\/p>   <p>Admite que s\u00ed han mejorado algo, tras la reforma laboral, el tema de los contratos, pasando de los temporales a los fijos discontinuos, pero no en materia de cargas de trabajo \u00abno se han producido avances\u00bb. <\/p>   <p>Apoyan la huelga de hosteler\u00eda en Santa Cruz de Tenerife y plantean secundarla <\/p>   <p>Yolanda Garc\u00eda lamenta que no se est\u00e9 cumpliendo con el art\u00edculo del convenio colectivo de hosteler\u00eda de la provincia de Alicante, firmado en 2023, que obligaba a desarrollar una metodolog\u00eda espec\u00edfica para el an\u00e1lisis de los m\u00e9todos y tiempo de trabajo del puesto de trabajo de camareras de pisos. Tampoco, asegura, se han convocado las mesas de trabajo para abordar esta cuesti\u00f3n. <\/p>   <p>Por ello, las Kellys de Benidorm y la Marina Baixa apoyan <a href=\"https:\/\/cadenaser.com\/canarias\/2025\/04\/17\/la-huelga-de-hosteleria-alcanza-el-70-de-seguimiento-segun-los-sindicatos-y-la-patronal-aun-no-da-cifras-radio-club-tenerife\/\" target=\"_blank\" rel=\"nofollow\" title=\"https:\/\/cadenaser.com\/canarias\/2025\/04\/17\/la-huelga-de-hosteleria-alcanza-el-70-de-seguimiento-segun-los-sindicatos-y-la-patronal-aun-no-da-cifras-radio-club-tenerife\/\">la huelga de hosteler\u00eda que se est\u00e1 desarrollando durante esta Semana Santa en Santa Cruz de Tenerife<\/a> y plantean trasladarla al resto de destinos tur\u00edsticos saturados del pa\u00eds. Considera que los problemas son los mismos, con la sobrecarga de trabajo y unos sueldos que no les permiten vivir. <\/p>   <p>\u00abEstamos en contacto con nuestras compa\u00f1eras de all\u00ed y la verdad es que apoyamos completamente esa huelga por la carga de trabajo y a nivel econ\u00f3mico. La vida est\u00e1 subiendo y nuestros salarios no son adecuados a lo que te cuesta hoy un alquiler o lo que te cuesta incluso, como vemos algunos anuncios en Benidorm, alquileres de habitaciones por 400 euros\u00bb. <\/p>   <p><div class=\"c-mul-sc\"><div id=\"player-1744968901172\" class=\"c-player-audio\"><button class=\"bt-play\" data-audioid=\"1744968901172\" data-type=\"aod\" data-accountname=\"playser\"><\/button><div class=\"c-copiado\"><p>El c\u00f3digo iframe se ha copiado en el portapapeles<\/p><\/div><div class=\"d-audio\"><p class=\"tit\">Yolanda Garc\u00eda, portavoz de las Kellys de Benidorm y la Marina Baixa: \u00abCreemos que la huelga que se ha hecho en Tenerife se traslade a toda Espa\u00f1a y las zonas saturadas tur\u00edsticamente\u00bb<\/p><div class=\"b-pro\"><span class=\"progreso\"><\/span><\/div><div class=\"c-times\"><span class=\"t-progreso\">00:00:00<\/span><span class=\"t-total-audio\">00:33<\/span><\/div><\/div><button class=\"bt-op\"><\/button><div class=\"c-opciones c-comun\"><a href=\"https:\/\/prisa-es.mc.tritondigital.com\/SER_RADIO_ALICANTE_HORA_14\/media\/mcv\/playser\/multimedia\/20250418\/4434700_093521_audio_128.mp3?dist=cadenaser-web-tfp-permanente&amp;csegid=22000&amp;dl=1\" class=\"bt-down\">Descargar<\/a><button class=\"bt-share\">Compartir<\/button><button class=\"bt-close\">Cerrar<\/button><\/div><div class=\"c-opciones c-share\"><button class=\"bt-fb\" data-ssnn=\"facebook\" data-url=\"https:\/\/cadenaser.com\/comunitat-valenciana\/2025\/04\/18\/las-kellys-de-benidorm-apoyan-la-huelga-de-hosteleria-de-tenerife-y-plantean-trasladarla-a-todos-los-destinos-turisticos-saturados-radio-alicante\/\">Facebook<\/button><button class=\"bt-tw\" data-ssnn=\"twitter\" data-url=\"https:\/\/cadenaser.com\/comunitat-valenciana\/2025\/04\/18\/las-kellys-de-benidorm-apoyan-la-huelga-de-hosteleria-de-tenerife-y-plantean-trasladarla-a-todos-los-destinos-turisticos-saturados-radio-alicante\/\">Twitter<\/button><button class=\"bt-li\" data-ssnn=\"linkedin\" data-url=\"https:\/\/cadenaser.com\/comunitat-valenciana\/2025\/04\/18\/las-kellys-de-benidorm-apoyan-la-huelga-de-hosteleria-de-tenerife-y-plantean-trasladarla-a-todos-los-destinos-turisticos-saturados-radio-alicante\/\">Linkedin<\/button><button class=\"bt-wh\" data-ssnn=\"whatsapp\" data-url=\"https:\/\/cadenaser.com\/comunitat-valenciana\/2025\/04\/18\/las-kellys-de-benidorm-apoyan-la-huelga-de-hosteleria-de-tenerife-y-plantean-trasladarla-a-todos-los-destinos-turisticos-saturados-radio-alicante\/\">WhatsApp<\/button><button class=\"bt-close\">Cerrar<\/button><\/div><\/div><\/div><\/p>   <p>Yolanda Garc\u00eda reclama a la patronal hotelera que cumpla los convenios que firma y a la administraci\u00f3n que realice m\u00e1s inspecciones para que se controlen y se regulen esas cargas de trabajo. <\/p> ","protected":false},"excerpt":{"rendered":"<p>Las camareras de piso de esta zona aseguran que \u00abla Semana Santa es un mes de agosto para nosotras\u00bb. Y es que, un a\u00f1o m\u00e1s, siguen denunciando que  \u00abno se cumplen los convenios\u00bb para regular las cargas de trabajo<\/p>\n","protected":false},"author":0,"featured_media":14346,"comment_status":"open","ping_status":"open","sticky":false,"template":"","format":"standard","meta":{"_acf_changed":false,"footnotes":""},"categories":[1],"tags":[],"class_list":["post-14345","post","type-post","status-publish","format-standard","has-post-thumbnail","hentry","category-sin-categoria"],"acf":{"ser_id":"MT6OGPEEZZCX5NTOTASHZL3KWE","ser_url":"https:\/\/cadenaser.com\/comunitat-valenciana\/2025\/04\/18\/las-kellys-de-benidorm-apoyan-la-huelga-de-hosteleria-de-tenerife-y-plantean-trasladarla-a-todos-los-destinos-turisticos-saturados-radio-alicante\/"},"_links":{"self":[{"href":"https:\/\/serbenidorm.daliisolutions.com\/index.php\/wp-json\/wp\/v2\/posts\/14345","targetHints":{"allow":["GET"]}}],"collection":[{"href":"https:\/\/serbenidorm.daliisolutions.com\/index.php\/wp-json\/wp\/v2\/posts"}],"about":[{"href":"https:\/\/serbenidorm.daliisolutions.com\/index.php\/wp-json\/wp\/v2\/types\/post"}],"replies":[{"embeddable":true,"href":"https:\/\/serbenidorm.daliisolutions.com\/index.php\/wp-json\/wp\/v2\/comments?post=14345"}],"version-history":[{"count":0,"href":"https:\/\/serbenidorm.daliisolutions.com\/index.php\/wp-json\/wp\/v2\/posts\/14345\/revisions"}],"wp:featuredmedia":[{"embeddable":true,"href":"https:\/\/serbenidorm.daliisolutions.com\/index.php\/wp-json\/wp\/v2\/media\/14346"}],"wp:attachment":[{"href":"https:\/\/serbenidorm.daliisolutions.com\/index.php\/wp-json\/wp\/v2\/media?parent=14345"}],"wp:term":[{"taxonomy":"category","embeddable":true,"href":"https:\/\/serbenidorm.daliisolutions.com\/index.php\/wp-json\/wp\/v2\/categories?post=14345"},{"taxonomy":"post_tag","embeddable":true,"href":"https:\/\/serbenidorm.daliisolutions.com\/index.php\/wp-json\/wp\/v2\/tags?post=14345"}],"curies":[{"name":"wp","href":"https:\/\/api.w.org\/{rel}","templated":true}]}}