{"id":1436,"date":"2024-01-16T10:41:38","date_gmt":"2024-01-16T09:41:38","guid":{"rendered":"https:\/\/serbenidorm.daliisolutions.com\/index.php\/2024\/01\/16\/wout-van-aert-confirma-su-presencia-en-benidorm\/"},"modified":"2024-01-16T10:41:38","modified_gmt":"2024-01-16T09:41:38","slug":"wout-van-aert-confirma-su-presencia-en-benidorm","status":"publish","type":"post","link":"https:\/\/serbenidorm.daliisolutions.com\/index.php\/2024\/01\/16\/wout-van-aert-confirma-su-presencia-en-benidorm\/","title":{"rendered":"Wout Van Aert confirma su presencia en Benidorm"},"content":{"rendered":"  <p>Benidorm<\/p>   <p>Ya es oficial: la Copa del Mundo de ciclocross contar\u00e1 con la presencia de las tres grandes figuras del panorama masculino despu\u00e9s de que el belga Wout Van Aert haya oficializado a trav\u00e9s de un comunicado de su equipo, el Visma-Lease a Bike, que repetir\u00e1 comparecencia, el pr\u00f3ximo d\u00eda 21 de enero, en los parques de El Moralet y Foietes.<\/p>   <p>Van Aert, que debut\u00f3 en esta temporada invernal el pasado d\u00eda 9 de diciembre en Essen (B\u00e9lgica), hab\u00eda supeditado su concurso en la Copa del Mundo de Benidorm a las sensaciones que fuera acumulando durante la siempre exigente gira navide\u00f1a. Ahora, y pese a que sus resultados no han sido todo lo brillantes que lo que se podr\u00eda esperar de un ciclista de su calibre, ha reafirmado que estar\u00e1 en la parrilla de salida de la prueba en la que el a\u00f1o pasado fue segundo por detr\u00e1s del neerland\u00e9s Mathieu Van der Poel.<\/p>   <p>Con esta noticia, la carrera benidormense, que llegar\u00e1 este 2024 a su segunda edici\u00f3n, podr\u00e1 presumir de contar con la mejor participaci\u00f3n posible en el panorama mundial del ciclocross ya que los tres grandes tenores del panorama masculino, Van Aert, Van der Poel y el brit\u00e1nico Tom Pidcock ser\u00e1n de la partida, algo que no se dar\u00e1 ni tan siquiera en el mundial de T\u00e1bor (Rep\u00fablica Checa).<\/p>   <p>A falta de apenas dos semanas para la gran cita, el actual campe\u00f3n del mundo, Mathieu Van der Poel, aparece como el gran y, seguramente, \u00fanico favorito a sucederse a s\u00ed mismo en el palmar\u00e9s de la carrera de la capital tur\u00edstica. No s\u00f3lo por lo demostrado el a\u00f1o pasado en El Moralet y Foietes sino tambi\u00e9n, y sobre todo, por su inmaculada hoja se servicios este invierno, con nueve victorias en otras tantas apariciones con un dominio insultante sobre sus competidores.<\/p>   <p>A los tres \u2018llenacircuitos\u2019, adem\u00e1s, habr\u00e1 que sumar al actual l\u00edder de la Copa del Mundo, Eli Iserbyt (tercero hace doce meses), Pim Ronhaar, en un estado de forma excepcional; Lars van der Haar, Laurens Sweeck o una de las grandes sensaciones de este a\u00f1o, Thibau Nys, hijo y sucesor del mejor ciclocrossman de todos los tiempos, Sven Nys.<\/p>   <p>Y todo eso, sin olvidar que la Copa del Mundo de Benidorm ser\u00e1 la \u2018carrera de casa\u2019 para el vilero Felipe Orts, que el pasado d\u00eda 1 de enero estrenaba los colores de su propio equipo, La Vila Joiosa-N\u00e9teo, y que antes de aterrizar en la capital tur\u00edstica buscar\u00e1 el d\u00eda 14 de enero en Amurrio su sexto campeonato de Espa\u00f1a consecutivo.<\/p> ","protected":false},"excerpt":{"rendered":"<p>El ciclista belga ha puesto fin a su campa\u00f1a navide\u00f1a y ha oficializado su decisi\u00f3n de estar en la Copa del Mundo de El Moralet y Foietes<\/p>\n","protected":false},"author":0,"featured_media":1437,"comment_status":"open","ping_status":"open","sticky":false,"template":"","format":"standard","meta":{"_acf_changed":false,"footnotes":""},"categories":[16],"tags":[],"class_list":["post-1436","post","type-post","status-publish","format-standard","has-post-thumbnail","hentry","category-deportes"],"acf":{"ser_id":"JRRJAAOETVCGNCUKTC7RAREPWM","ser_url":"https:\/\/cadenaser.com\/comunitat-valenciana\/2024\/01\/05\/wout-van-aert-confirma-su-presencia-en-benidorm-radio-benidorm\/"},"_links":{"self":[{"href":"https:\/\/serbenidorm.daliisolutions.com\/index.php\/wp-json\/wp\/v2\/posts\/1436","targetHints":{"allow":["GET"]}}],"collection":[{"href":"https:\/\/serbenidorm.daliisolutions.com\/index.php\/wp-json\/wp\/v2\/posts"}],"about":[{"href":"https:\/\/serbenidorm.daliisolutions.com\/index.php\/wp-json\/wp\/v2\/types\/post"}],"replies":[{"embeddable":true,"href":"https:\/\/serbenidorm.daliisolutions.com\/index.php\/wp-json\/wp\/v2\/comments?post=1436"}],"version-history":[{"count":0,"href":"https:\/\/serbenidorm.daliisolutions.com\/index.php\/wp-json\/wp\/v2\/posts\/1436\/revisions"}],"wp:featuredmedia":[{"embeddable":true,"href":"https:\/\/serbenidorm.daliisolutions.com\/index.php\/wp-json\/wp\/v2\/media\/1437"}],"wp:attachment":[{"href":"https:\/\/serbenidorm.daliisolutions.com\/index.php\/wp-json\/wp\/v2\/media?parent=1436"}],"wp:term":[{"taxonomy":"category","embeddable":true,"href":"https:\/\/serbenidorm.daliisolutions.com\/index.php\/wp-json\/wp\/v2\/categories?post=1436"},{"taxonomy":"post_tag","embeddable":true,"href":"https:\/\/serbenidorm.daliisolutions.com\/index.php\/wp-json\/wp\/v2\/tags?post=1436"}],"curies":[{"name":"wp","href":"https:\/\/api.w.org\/{rel}","templated":true}]}}