{"id":1438,"date":"2024-01-16T10:41:39","date_gmt":"2024-01-16T09:41:39","guid":{"rendered":"https:\/\/serbenidorm.daliisolutions.com\/index.php\/2024\/01\/16\/sergio-egea-deja-el-banquillo-del-cf-la-nucia\/"},"modified":"2024-01-16T10:41:39","modified_gmt":"2024-01-16T09:41:39","slug":"sergio-egea-deja-el-banquillo-del-cf-la-nucia","status":"publish","type":"post","link":"https:\/\/serbenidorm.daliisolutions.com\/index.php\/2024\/01\/16\/sergio-egea-deja-el-banquillo-del-cf-la-nucia\/","title":{"rendered":"Sergio Egea deja el banquillo del CF La Nuc\u00eda"},"content":{"rendered":"  <p>Benidorm<\/p>   <p>Sorpresa may\u00fascula en el Estadi Ol\u00edmpic Camilo Cano. El CF La Nuc\u00eda ha anunciado este viernes, a s\u00f3lo dos d\u00edas de retomar la competici\u00f3n en la Segunda RFEF, la marcha de Sergio Egea, que hab\u00eda sido nombrado entrenador de los rojillos el pasado 14 de diciembre, despu\u00e9s de haber dirigido un solo partido (con derrota por 0-2 ante la Pe\u00f1a Deportiva). Tras esta inesperada decisi\u00f3n, ser\u00e1 un viejo conocido, Mario Cartagena, el que se siente este domingo en el banquillo ante el Badalona Futur, cuarto clasificado.<\/p>   <p>Poco se sabe, por el momento, sobre las causas de este desencuentro, si bien parece poco probable que tras esta decisi\u00f3n, que seg\u00fan ha podido saber Radio Benidorm-SER ha sido consensuado entre el club y el preparador argentino, haya razones exclusivamente deportivas.<\/p>   <p>En cualquier caso, la vida sigue en el Estadi Ol\u00edmpic Camilo Cano y para ello se ha confirmado a un viejo conocido de los rojillos, Mario Cartagena, como nuevo t\u00e9cnico. Esta ser\u00e1 su segunda etapa al frente de los rojillos despu\u00e9s de haberse hecho cargo del equipo en el tramo final de la temporada pasada tras la destituci\u00f3n de Guille Fern\u00e1ndez, habi\u00e9ndose consumado el descenso a Segunda RFEF con \u00e9l al frente.<\/p>   <p>Seg\u00fan ha podido saber Radio Benidorm-SER, Cartagena vuelve ahora a La Nuc\u00eda sin la etiqueta de entrenador interino y la intenci\u00f3n, por lo tanto, es que el preparador acabe la temporada y, si todo va bien, pueda revertir la mal\u00edsima situaci\u00f3n deportiva de un equipo que es colista y que sigue a nueve puntos de la salvaci\u00f3n.<\/p>   <p>Por otro lado, est\u00e1 previsto que la pr\u00f3xima semana se produzca alg\u00fan tipo de comparecencia por parte de los responsables de la entidad para dar explicaciones de cu\u00e1l es la situaci\u00f3n no s\u00f3lo deportiva, sino, sobre todo, institucional del club.<\/p> ","protected":false},"excerpt":{"rendered":"<p>Mario Cartagena se har\u00e1 cargo de la plantilla rojilla a partir de este fin de semana y ser\u00e1 el quinto preparador de esta temporada<\/p>\n","protected":false},"author":0,"featured_media":1439,"comment_status":"open","ping_status":"open","sticky":false,"template":"","format":"standard","meta":{"_acf_changed":false,"footnotes":""},"categories":[16],"tags":[],"class_list":["post-1438","post","type-post","status-publish","format-standard","has-post-thumbnail","hentry","category-deportes"],"acf":{"ser_id":"V3YM4J3LYFCDDPULGCHM5TXF5U","ser_url":"https:\/\/cadenaser.com\/comunitat-valenciana\/2024\/01\/05\/sergio-egea-deja-el-banquillo-del-cf-la-nucia-radio-benidorm\/"},"_links":{"self":[{"href":"https:\/\/serbenidorm.daliisolutions.com\/index.php\/wp-json\/wp\/v2\/posts\/1438","targetHints":{"allow":["GET"]}}],"collection":[{"href":"https:\/\/serbenidorm.daliisolutions.com\/index.php\/wp-json\/wp\/v2\/posts"}],"about":[{"href":"https:\/\/serbenidorm.daliisolutions.com\/index.php\/wp-json\/wp\/v2\/types\/post"}],"replies":[{"embeddable":true,"href":"https:\/\/serbenidorm.daliisolutions.com\/index.php\/wp-json\/wp\/v2\/comments?post=1438"}],"version-history":[{"count":0,"href":"https:\/\/serbenidorm.daliisolutions.com\/index.php\/wp-json\/wp\/v2\/posts\/1438\/revisions"}],"wp:featuredmedia":[{"embeddable":true,"href":"https:\/\/serbenidorm.daliisolutions.com\/index.php\/wp-json\/wp\/v2\/media\/1439"}],"wp:attachment":[{"href":"https:\/\/serbenidorm.daliisolutions.com\/index.php\/wp-json\/wp\/v2\/media?parent=1438"}],"wp:term":[{"taxonomy":"category","embeddable":true,"href":"https:\/\/serbenidorm.daliisolutions.com\/index.php\/wp-json\/wp\/v2\/categories?post=1438"},{"taxonomy":"post_tag","embeddable":true,"href":"https:\/\/serbenidorm.daliisolutions.com\/index.php\/wp-json\/wp\/v2\/tags?post=1438"}],"curies":[{"name":"wp","href":"https:\/\/api.w.org\/{rel}","templated":true}]}}