{"id":14381,"date":"2025-04-21T12:14:36","date_gmt":"2025-04-21T10:14:36","guid":{"rendered":"https:\/\/serbenidorm.daliisolutions.com\/index.php\/2025\/04\/21\/la-policia-detiene-a-tres-hombres-por-robar-cable-de-cobre-de-un-poligono-de-benidorm-por-valor-de-medio-millon-de-euros\/"},"modified":"2025-04-21T12:14:36","modified_gmt":"2025-04-21T10:14:36","slug":"la-policia-detiene-a-tres-hombres-por-robar-cable-de-cobre-de-un-poligono-de-benidorm-por-valor-de-medio-millon-de-euros","status":"publish","type":"post","link":"https:\/\/serbenidorm.daliisolutions.com\/index.php\/2025\/04\/21\/la-policia-detiene-a-tres-hombres-por-robar-cable-de-cobre-de-un-poligono-de-benidorm-por-valor-de-medio-millon-de-euros\/","title":{"rendered":"La Polic\u00eda detiene a tres hombres por robar cable de cobre de un pol\u00edgono de Benidorm por valor de medio mill\u00f3n de euros"},"content":{"rendered":"  <p><div data-adtype=\"MLDB\"><\/div><\/p>   <p>Alicante<\/p>   <p>La Polic\u00eda Nacional ha detenido a tres hombres por el robo de cableado de cobre en un pol\u00edgono industrial de Benidorm. Los arrestados, de entre 29 y 40 a\u00f1os de edad, fueron interceptados mientras se trasladaban en una furgoneta cargada con gran cantidad de cable sustra\u00eddo. <\/p>   <p><div><a href=\"https:\/\/cadenaser.com\/comunitat-valenciana\/2024\/02\/01\/pillado-in-fraganti-mientras-robaba-cable-de-cobre-en-las-vias-del-tram-a-la-altura-de-la-vila-joiosa-radio-benidorm\/\">Pillado in fraganti mientras robaba cable de cobre en las v\u00edas del Tram a la altura de La Vila Joiosa<\/a><p><\/p><\/div><\/p>   <p>La intervenci\u00f3n policial se produjo tras recibir la Sala CIMACC 091 un aviso sobre la presencia de un grupo de individuos, a bordo de una furgoneta, que estaban sustrayendo cableado en la zona. Una patrulla se desplaz\u00f3 hasta el lugar y localiz\u00f3 el veh\u00edculo. Procedieron a darle el alto para tratar de identificar a sus ocupantes y comprobar si portaban el cableado presuntamente sustra\u00eddo.<\/p>   <p>Los agentes comprobaron que en la zona de carga del veh\u00edculo hab\u00eda una gran cantidad de cable de distintos tipos y dimensiones. Adem\u00e1s, tambi\u00e9n ten\u00edan diversas herramientas. Al ser preguntados por la procedencia del material, alegaron haberlo encontrado tirado en el suelo, pero los agentes observaron que los cables presentaban claros signos de haber sido cortados.<\/p>   <p>Medio mill\u00f3n de euros<\/p>   <p>Tras consultar con el responsable de la empresa propietaria del pol\u00edgono, se confirm\u00f3 que el cableado pertenec\u00eda a sus instalaciones y que su sustracci\u00f3n hab\u00eda causado da\u00f1os por m\u00e1s de medio mill\u00f3n de euros.<\/p>   <p>Los detenidos han sido puestos a disposici\u00f3n de los juzgados de instrucci\u00f3n de guardia de la localidad de Benidorm. Se les acusa de los delitos de hurto y da\u00f1os tras ser sorprendidos sustrayendo una gran cantidad de cable de cobre en un pol\u00edgono industrial.<\/p> ","protected":false},"excerpt":{"rendered":"<p>Los agentes fueron alertados por una llamada y lograron interceptar a los detenidos cuando hu\u00edan del lugar en una furgoneta cargada de material robado<\/p>\n","protected":false},"author":0,"featured_media":14382,"comment_status":"open","ping_status":"open","sticky":false,"template":"","format":"standard","meta":{"_acf_changed":false,"footnotes":""},"categories":[1],"tags":[],"class_list":["post-14381","post","type-post","status-publish","format-standard","has-post-thumbnail","hentry","category-sin-categoria"],"acf":{"ser_id":"7KOF4XUJFFCIDO56NRABRH32OY","ser_url":"https:\/\/cadenaser.com\/comunitat-valenciana\/2025\/04\/21\/la-policia-detiene-a-tres-hombres-por-robar-cable-de-cobre-de-un-poligono-de-benidorm-por-valor-de-medio-millon-de-euros-radio-alicante\/"},"_links":{"self":[{"href":"https:\/\/serbenidorm.daliisolutions.com\/index.php\/wp-json\/wp\/v2\/posts\/14381","targetHints":{"allow":["GET"]}}],"collection":[{"href":"https:\/\/serbenidorm.daliisolutions.com\/index.php\/wp-json\/wp\/v2\/posts"}],"about":[{"href":"https:\/\/serbenidorm.daliisolutions.com\/index.php\/wp-json\/wp\/v2\/types\/post"}],"replies":[{"embeddable":true,"href":"https:\/\/serbenidorm.daliisolutions.com\/index.php\/wp-json\/wp\/v2\/comments?post=14381"}],"version-history":[{"count":0,"href":"https:\/\/serbenidorm.daliisolutions.com\/index.php\/wp-json\/wp\/v2\/posts\/14381\/revisions"}],"wp:featuredmedia":[{"embeddable":true,"href":"https:\/\/serbenidorm.daliisolutions.com\/index.php\/wp-json\/wp\/v2\/media\/14382"}],"wp:attachment":[{"href":"https:\/\/serbenidorm.daliisolutions.com\/index.php\/wp-json\/wp\/v2\/media?parent=14381"}],"wp:term":[{"taxonomy":"category","embeddable":true,"href":"https:\/\/serbenidorm.daliisolutions.com\/index.php\/wp-json\/wp\/v2\/categories?post=14381"},{"taxonomy":"post_tag","embeddable":true,"href":"https:\/\/serbenidorm.daliisolutions.com\/index.php\/wp-json\/wp\/v2\/tags?post=14381"}],"curies":[{"name":"wp","href":"https:\/\/api.w.org\/{rel}","templated":true}]}}