{"id":1440,"date":"2024-01-16T10:41:40","date_gmt":"2024-01-16T09:41:40","guid":{"rendered":"https:\/\/serbenidorm.daliisolutions.com\/index.php\/2024\/01\/16\/todos-los-partidos-los-horarios-y-los-resultados-de-la-nucia-2023-2024\/"},"modified":"2024-01-16T10:41:40","modified_gmt":"2024-01-16T09:41:40","slug":"todos-los-partidos-los-horarios-y-los-resultados-de-la-nucia-2023-2024","status":"publish","type":"post","link":"https:\/\/serbenidorm.daliisolutions.com\/index.php\/2024\/01\/16\/todos-los-partidos-los-horarios-y-los-resultados-de-la-nucia-2023-2024\/","title":{"rendered":"Todos los partidos, los horarios y los resultados de La Nuc\u00eda 2023-2024"},"content":{"rendered":"  <p>La Nuc\u00eda<\/p>   <p>La Nuc\u00eda arranca una nueva temporada con regreso a la Segunda Federaci\u00f3n despu\u00e9s de no haber podido mantener la categor\u00eda en la que fue su primera temporada en la categor\u00eda de bronce del balompi\u00e9 espa\u00f1ol.<\/p>   <p><b>Primera vuelta<\/b><\/p>   <p><b>J1 <\/b>03\/09\/23 La Nuc\u00eda \u2013 Lleida <b>0-1<\/b> <a href=\"https:\/\/cadenaser.com\/comunitat-valenciana\/2023\/09\/01\/la-nucia-arranca-la-competicion-liguera-ante-el-lleida-radio-benidorm\/\"><b>Previa<\/b><\/a> | <a href=\"https:\/\/cadenaser.com\/comunitat-valenciana\/2023\/09\/04\/la-nucia-arranca-con-derrota-en-el-camilo-cano-radio-benidorm\/\"><b>Cr\u00f3nica<\/b><\/a><\/p>   <p><b>J2 <\/b>10\/09\/23 Espanyol B \u2013 La Nuc\u00eda <b>1-2<\/b> <a href=\"https:\/\/cadenaser.com\/comunitat-valenciana\/2023\/09\/08\/la-nucia-y-espanyol-b-se-miden-en-un-duelo-de-necesidades-radio-benidorm\/\" target=\"_blank\" rel=\"noopener\"><b>Previa <\/b><\/a>| <a href=\"https:\/\/cadenaser.com\/comunitat-valenciana\/2023\/09\/10\/la-nucia-todavia-por-pulir-ilusiona-en-su-visita-al-espanyol-b-radio-benidorm\/\" target=\"_blank\" rel=\"noopener\"><b>Cr\u00f3nica<\/b><\/a><\/p>   <p><b>J3 <\/b>17\/09\/23 La Nuc\u00eda \u2013 SD Formentera <b>0-2<\/b> <a href=\"https:\/\/cadenaser.com\/comunitat-valenciana\/2023\/10\/04\/la-nucia-ya-tiene-fecha-y-hora-para-su-partido-aplazado-ante-el-formentera-radio-benidorm\/\" target=\"_blank\" rel=\"noopener\"><b>Aplazado al 25 de octubre<\/b><\/a> | <a href=\"https:\/\/cadenaser.com\/comunitat-valenciana\/2023\/10\/26\/la-nucia-ahonda-su-crisis-tras-caer-en-casa-ante-el-formentera-radio-benidorm\/\" target=\"_blank\" rel=\"noopener\"><b>Cr\u00f3nica<\/b><\/a><\/p>   <p><b>J4 <\/b>24\/09\/23 Torrent \u2013 La Nuc\u00eda <b>0-0<\/b> <a href=\"https:\/\/cadenaser.com\/comunitat-valenciana\/2023\/09\/22\/la-nucia-se-reengancha-a-la-liga-con-el-objetivo-de-confirmar-su-mejoria-radio-benidorm\/\" target=\"_blank\" rel=\"noopener\"><b>Previa<\/b><\/a><b> <\/b>|<b> <\/b><a href=\"https:\/\/cadenaser.com\/comunitat-valenciana\/2023\/09\/25\/la-nucia-arranca-un-punto-de-torrent-y-sigue-dando-buenas-sensaciones-radio-benidorm\/\" target=\"_blank\" rel=\"noopener\"><b>Cr\u00f3nica<\/b><\/a><\/p>   <p><b>J5 <\/b>01\/10\/23 La Nuc\u00eda \u2013 Sant Andreu <b>0-2<\/b> <a href=\"https:\/\/cadenaser.com\/comunitat-valenciana\/2023\/09\/29\/la-nucia-busca-su-velocidad-de-crucero-ante-el-sant-andreu-radio-benidorm\/\" target=\"_blank\" rel=\"noopener\"><b>Previa<\/b><\/a> | <a href=\"https:\/\/cadenaser.com\/comunitat-valenciana\/2023\/10\/02\/la-nucia-cae-ante-un-sant-andreu-mas-practico-que-brillante-radio-benidorm\/\" target=\"_blank\" rel=\"noopener\"><b>Cr\u00f3nica<\/b><\/a><\/p>   <p><b>J6 <\/b>08\/10\/23 Andratx \u2013 La Nuc\u00eda <b>4-1<\/b> <a href=\"https:\/\/cadenaser.com\/comunitat-valenciana\/2023\/10\/06\/la-nucia-busca-enderezar-el-rumbo-frente-al-andraxt-radio-benidorm\/\" target=\"_blank\" rel=\"noopener\"><b>Previa <\/b><\/a><b>| <\/b><a href=\"https:\/\/cadenaser.com\/comunitat-valenciana\/2023\/10\/09\/la-nucia-entra-en-crisis-y-el-cf-benidorm-ya-comparte-el-liderato-radio-benidorm\/\" target=\"_blank\" rel=\"noopener\"><b>Cr\u00f3nica<\/b><\/a><\/p>   <p><b>J7 <\/b>15\/10\/23 La Nuc\u00eda \u2013 Penya Independent <b>0-1 <\/b><a href=\"https:\/\/cadenaser.com\/comunitat-valenciana\/2023\/10\/13\/la-nucia-busca-ante-el-colista-un-asidero-para-resurgir-radio-benidorm\/\" target=\"_blank\" rel=\"noopener\"><b>Previa<\/b><\/a><b> | <\/b><a href=\"https:\/\/cadenaser.com\/comunitat-valenciana\/2023\/10\/15\/la-nucia-entra-en-barrena-tras-caer-en-casa-ante-el-penya-idependent-radio-benidorm\/\" target=\"_blank\" rel=\"noopener\"><b>Cr\u00f3nica<\/b><\/a><\/p>   <p><b>J8 <\/b>22\/10\/23 Cedrdanyola del Vall\u00e9s \u2013 La Nuc\u00eda <b>0-0<\/b> <a href=\"https:\/\/cadenaser.com\/comunitat-valenciana\/2023\/10\/23\/la-nucia-arranca-un-punto-de-su-visita-a-cerdanyola-del-valles-radio-benidorm\/\" target=\"_blank\" rel=\"noopener\"><b>Cr\u00f3nica<\/b><\/a><\/p>   <p><b>J9 <\/b>29\/10\/23 La Nuc\u00eda \u2013 Europa <b>1-1<\/b> <a href=\"https:\/\/cadenaser.com\/comunitat-valenciana\/2023\/10\/27\/la-nucia-recibe-al-europa-con-todas-las-alarmas-encendidas-radio-benidorm\/\" target=\"_blank\" rel=\"noopener\"><b>Previa<\/b><\/a> | <a href=\"https:\/\/cadenaser.com\/comunitat-valenciana\/2023\/10\/30\/la-nucia-y-europa-se-reparten-los-puntos-radio-benidorm\/\" target=\"_blank\" rel=\"noopener\"><b>Cr\u00f3nica<\/b><\/a><\/p>   <p><b>J10 <\/b>05\/11\/23 H\u00e9rcules &#8211; La Nuc\u00eda <b>1-0<\/b><\/p>   <p><b>J11 <\/b>12\/11\/23 Valencia Mestalla &#8211; La Nuc\u00eda <b>3-2<\/b><\/p>   <p><b>J12 <\/b>19\/11\/23 La Nuc\u00eda \u2013 Terrasa <b>2-1 | <\/b><a href=\"https:\/\/cadenaser.com\/comunitat-valenciana\/2023\/11\/19\/el-camilo-cano-celebra-un-triunfo-183-dias-despues-radio-benidorm\/\" target=\"_blank\" rel=\"noopener\"><b>Cr\u00f3nica<\/b><\/a><\/p>   <p><b>J13 <\/b>26\/11\/23 Alzira \u2013 La Nuc\u00eda <b>0-3 | <\/b><a href=\"https:\/\/cadenaser.com\/comunitat-valenciana\/2023\/11\/24\/el-benidorm-busca-el-liderato-a-costa-del-eldense-radio-benidorm\/\" target=\"_blank\" rel=\"noopener\"><b>Previa<\/b><\/a><b> | <\/b><a href=\"https:\/\/cadenaser.com\/comunitat-valenciana\/2023\/11\/27\/el-benidorm-vence-en-elda-y-ya-es-lider-en-solitario-radio-benidorm\/\" target=\"_blank\" rel=\"noopener\"><b>Cr\u00f3nica<\/b><\/a><\/p>   <p><b>J14 <\/b>03\/12\/23 La Nuc\u00eda \u2013 Atl\u00e9tico Saguntino <b>2-2 | <\/b><a href=\"https:\/\/cadenaser.com\/comunitat-valenciana\/2023\/12\/01\/el-benidorm-defiende-el-liderato-en-el-nou-pla-ante-el-javea-radio-benidorm\/\" target=\"_blank\" rel=\"noopener\"><b>Previa<\/b><\/a><b> | <\/b><a href=\"https:\/\/cadenaser.com\/comunitat-valenciana\/2023\/12\/03\/el-cf-benidorm-se-da-un-festin-a-costa-del-javea-radio-benidorm\/\" target=\"_blank\" rel=\"noopener\"><b>Cr\u00f3nica<\/b><\/a><\/p>   <p><b>J15 <\/b>10\/12\/23 Manresa &#8211; La Nuc\u00eda <b>2-0<\/b> <a href=\"https:\/\/cadenaser.com\/comunitat-valenciana\/2023\/12\/07\/la-nucia-afronta-su-enesima-final-visitando-al-manresa-radio-benidorm\/\" target=\"_blank\" rel=\"noopener\"><b>Previa<\/b><\/a><b> <\/b><\/p>   <p><b>J16 <\/b>17\/12\/23 La Nuc\u00eda \u2013 Pe\u00f1a Deportiva <b>0-2<\/b><\/p>   <p><b>J17 <\/b>07\/01\/24 Badalona Futur \u2013 La Nuc\u00eda <b>1-0 | <\/b><a href=\"https:\/\/cadenaser.com\/comunitat-valenciana\/2024\/01\/08\/la-nucia-empieza-el-ano-con-derrota-radio-benidorm\/\" target=\"_blank\" rel=\"noopener\"><b>Cr\u00f3nica<\/b><\/a><\/p>   <p><b>Segunda vuelta<\/b><\/p>   <p><b>J18 <\/b>14\/01\/24 Lleida &#8211; La Nuc\u00eda | 17:00 horas<\/p>   <p><b>J19 <\/b>21\/01\/24 La Nuc\u00eda \u2013 Espanyol B <i>Horario por determinar<\/i><\/p>   <p><b>J20 <\/b>28\/01\/24 Formentera &#8211; La Nuc\u00eda <i>Horario por determinar<\/i><\/p>   <p><b>J21 <\/b>04\/02\/24 La Nuc\u00eda \u2013 Torrent <i>Horario por determinar<\/i><\/p>   <p><b>J22 <\/b>11\/02\/24 Sant Andreu &#8211; La Nuc\u00eda <i>Horario por determinar<\/i><\/p>   <p><b>J23 <\/b>18\/02\/24 La Nuc\u00eda \u2013 Andraxt <i>Horario por determinar<\/i><\/p>   <p><b>J24 <\/b>25\/02\/24 Penya Independent &#8211; La Nuc\u00eda <i>Horario por determinar<\/i><\/p>   <p><b>J25 <\/b>03\/03\/24 La Nuc\u00eda \u2013 Cerdanyola del Vall\u00e9s <i>Horario por determinar<\/i><\/p>   <p><b>J26 <\/b>10\/03\/24 Europa &#8211; La Nuc\u00eda <i>Horario por determinar<\/i><\/p>   <p><b>J27 <\/b>17\/03\/24 La Nuc\u00eda \u2013 H\u00e9rcules <i>Horario por determinar<\/i><\/p>   <p><b>J28 <\/b>24\/03\/24 La Nuc\u00eda \u2013 Valencia Mestalla <i>Horario por determinar<\/i><\/p>   <p><b>J29 <\/b>31\/03\/24 Terrasa \u2013 La Nuc\u00eda <i>Horario por determinar<\/i><\/p>   <p><b>J30 <\/b>07\/04\/24 La Nuc\u00eda \u2013 Alzira <i>Horario por determinar<\/i><\/p>   <p><b>J31 <\/b>14\/04\/24 Atl\u00e9tico Saguntino &#8211; La Nuc\u00eda <i>Horario por determinar<\/i><\/p>   <p><b>J32 <\/b>21\/04\/24 La Nuc\u00eda \u2013 Manresa <i>Horario por determinar<\/i><\/p>   <p><b>J33 <\/b>28\/04\/24 Pe\u00f1a Deportiva &#8211; La Nuc\u00eda <i>Horario por determinar<\/i><\/p>   <p><b>J34 <\/b>05\/05\/24 La Nuc\u00eda \u2013 Badalona <i>Horario por determinar<\/i><\/p> ","protected":false},"excerpt":{"rendered":"<p>As\u00ed est\u00e1 siendo la temporada del regreso a la Segunda Federaci\u00f3n del equipo rojillo<\/p>\n","protected":false},"author":0,"featured_media":1441,"comment_status":"open","ping_status":"open","sticky":false,"template":"","format":"standard","meta":{"_acf_changed":false,"footnotes":""},"categories":[16],"tags":[],"class_list":["post-1440","post","type-post","status-publish","format-standard","has-post-thumbnail","hentry","category-deportes"],"acf":{"ser_id":"KH5ARW3AI5FITDX4ZW44AYVW7A","ser_url":"https:\/\/cadenaser.com\/comunitat-valenciana\/2023\/09\/07\/todos-los-partidos-los-horarios-y-los-resultados-de-la-nucia-2023-2024-radio-benidorm\/"},"_links":{"self":[{"href":"https:\/\/serbenidorm.daliisolutions.com\/index.php\/wp-json\/wp\/v2\/posts\/1440","targetHints":{"allow":["GET"]}}],"collection":[{"href":"https:\/\/serbenidorm.daliisolutions.com\/index.php\/wp-json\/wp\/v2\/posts"}],"about":[{"href":"https:\/\/serbenidorm.daliisolutions.com\/index.php\/wp-json\/wp\/v2\/types\/post"}],"replies":[{"embeddable":true,"href":"https:\/\/serbenidorm.daliisolutions.com\/index.php\/wp-json\/wp\/v2\/comments?post=1440"}],"version-history":[{"count":0,"href":"https:\/\/serbenidorm.daliisolutions.com\/index.php\/wp-json\/wp\/v2\/posts\/1440\/revisions"}],"wp:featuredmedia":[{"embeddable":true,"href":"https:\/\/serbenidorm.daliisolutions.com\/index.php\/wp-json\/wp\/v2\/media\/1441"}],"wp:attachment":[{"href":"https:\/\/serbenidorm.daliisolutions.com\/index.php\/wp-json\/wp\/v2\/media?parent=1440"}],"wp:term":[{"taxonomy":"category","embeddable":true,"href":"https:\/\/serbenidorm.daliisolutions.com\/index.php\/wp-json\/wp\/v2\/categories?post=1440"},{"taxonomy":"post_tag","embeddable":true,"href":"https:\/\/serbenidorm.daliisolutions.com\/index.php\/wp-json\/wp\/v2\/tags?post=1440"}],"curies":[{"name":"wp","href":"https:\/\/api.w.org\/{rel}","templated":true}]}}