{"id":14402,"date":"2025-04-22T14:00:14","date_gmt":"2025-04-22T12:00:14","guid":{"rendered":"https:\/\/serbenidorm.daliisolutions.com\/index.php\/2025\/04\/22\/el-alcalde-de-polop-confia-en-que-las-obras-del-nuevo-reten-de-la-policia-local-empiecen-tras-el-verano\/"},"modified":"2025-04-22T14:00:14","modified_gmt":"2025-04-22T12:00:14","slug":"el-alcalde-de-polop-confia-en-que-las-obras-del-nuevo-reten-de-la-policia-local-empiecen-tras-el-verano","status":"publish","type":"post","link":"https:\/\/serbenidorm.daliisolutions.com\/index.php\/2025\/04\/22\/el-alcalde-de-polop-confia-en-que-las-obras-del-nuevo-reten-de-la-policia-local-empiecen-tras-el-verano\/","title":{"rendered":"El alcalde de Polop conf\u00eda en que las obras del nuevo ret\u00e9n de la Polic\u00eda Local empiecen tras el verano"},"content":{"rendered":"  <p><div data-adtype=\"MLDB\"><\/div><\/p>   <p>Polop de la Marina<\/p>   <p>El ret\u00e9n de la Polic\u00eda Local de Polop comenzar\u00e1 a construirse superado este verano seg\u00fan ha adelantado el alcalde Jos\u00e9 Luis Susmozas durante la valoraci\u00f3n de los \u00faltimos presupuestos municipales que ha hecho este martes en <a href=\"https:\/\/cadenaser.com\/tag\/polop\/a\/\" target=\"_blank\">Hoy por Hoy Benidorm<\/a>. Se trata de una obra financiada al 80 % por la Diputaci\u00f3n de Alicante y el Ayuntamiento aportar\u00e1 150.000 euros.<\/p>   <p>De esas cuentas que superan los seis millones de inversi\u00f3n Susmozas tambi\u00e9n ha querido destacar la compra de la casa de Benjam\u00edn Palencia a la familia del pintor con una partida de 60.000 euros anuales para que \u00abno se pierda su legado\u00bb.<\/p>  <p><p>M\u00e1s informaci\u00f3n<\/p><figure><img loading=\"lazy\" decoding=\"async\" src=\"https:\/\/cadenaser.com\/resizer\/v2\/L7EIFA3IPFDVDIWSR7FPCLSAKY.jpeg?auth=c6f5ada153c296c25a65f68f911258b808832aee734ab74c0e706f51165b04a6&amp;quality=70&amp;width=360&amp;height=202&amp;smart=true\" width=\"820\" height=\"621\" \/><\/figure><ul><li><a href=\"https:\/\/cadenaser.com\/comunitat-valenciana\/2025\/02\/25\/la-nucia-y-polop-unen-fuerzas-para-pedir-fondos-europeos-y-recuperar-la-ruta-patrimonial-del-agua-radio-benidorm\/\"><span>La Nuc\u00eda y Polop unen fuerzas para pedir fondos europeos y recuperar la Ruta Patrimonial del Agua<\/span><\/a><\/li><\/ul><\/p>   <p>Preguntado por las \u00faltimas declaraciones de su compa\u00f1era de equipo, la concejala no adscrita \u00c1ngela Fuster poniendo en entredicho el pacto de gobierno local, el alcalde ha se\u00f1alado que \u00abdiscrepancias hay en todas las cosas\u00bb y ha vuelto a subrayar que s\u00ed piensan lo mismo sobre \u00ablas necesidades que tiene Polop\u00bb.<\/p>   <p>El instituto, \u00abpoco a poco\u00bb<\/p>   <p>Una de esas necesidades es el primer instituto de la localidad, una reivindicaci\u00f3n hist\u00f3rica en la que el gobierno del PP sigue insistiendo al ejecutivo auton\u00f3mico, del mismo signo pol\u00edtico, aunque todav\u00eda sin respuesta afirmativa.<\/p>   <p>Sobre la situaci\u00f3n de los taxis despu\u00e9s de que La Nuc\u00eda anunciara su salida de la zona com\u00fan que comparte toda la comarca salvo Benidorm y l&#8217;Alf\u00e0s del Pi Susmozas aboga por una mejor organizaci\u00f3n de esa \u00e1rea \u00fanica abriendo la puerta a una concesi\u00f3n de nuevas licencias y una reestructuraci\u00f3n de los horarios que garantice el servicio a los municipios m\u00e1s peque\u00f1os.<\/p>   <p>En este sentido la reci\u00e9n acabada Semana Santa, un periodo de r\u00e9cord para el sector del turismo, tambi\u00e9n se ha notado en Polop con bares y aparcamientos llenos: \u00abVolver a enamorar a ese visitante que se hab\u00eda perdido\u00bb, ha explicado el primer edil en referencia a la reciente campa\u00f1a &#8216;Descobreix Polop&#8217; que ha puesto el foco en los distintos atractivos que puede ofrecer esta localidad a menos de media hora de Benidorm.<\/p>   <p>Sobre la regulaci\u00f3n de los alojamientos tur\u00edsticos, cuya tramitaci\u00f3n de nuevas licencias sigue paralizada, Susmozas ha aplazado cualquier decisi\u00f3n a la conclusi\u00f3n del estudio que est\u00e1 desarrollando la Universidad de Alicante para determinar en qu\u00e9 zonas son viables, aunque todav\u00eda no hay fecha para ello. No obstante, el regidor s\u00ed ha destacado que se \u00abest\u00e1 respondiendo pronto\u00bb a los promotores que buscan construir nueva vivienda.<\/p> ","protected":false},"excerpt":{"rendered":"<p>Jos\u00e9 Luis Suzmosas defiende el pacto de gobierno local: \u00abDiscrepancias hay en todas las casas, pero se est\u00e1 trabajando bien\u00bb<\/p>\n","protected":false},"author":0,"featured_media":14403,"comment_status":"open","ping_status":"open","sticky":false,"template":"","format":"standard","meta":{"_acf_changed":false,"footnotes":""},"categories":[1],"tags":[],"class_list":["post-14402","post","type-post","status-publish","format-standard","has-post-thumbnail","hentry","category-sin-categoria"],"acf":{"ser_id":"2O4LAT4WCZEBNJ2RPHW7HIELFA","ser_url":"https:\/\/cadenaser.com\/comunitat-valenciana\/2025\/04\/22\/el-alcalde-de-polop-confia-en-que-las-obras-del-nuevo-reten-de-la-policia-local-empiecen-tras-el-verano-radio-benidorm\/"},"_links":{"self":[{"href":"https:\/\/serbenidorm.daliisolutions.com\/index.php\/wp-json\/wp\/v2\/posts\/14402","targetHints":{"allow":["GET"]}}],"collection":[{"href":"https:\/\/serbenidorm.daliisolutions.com\/index.php\/wp-json\/wp\/v2\/posts"}],"about":[{"href":"https:\/\/serbenidorm.daliisolutions.com\/index.php\/wp-json\/wp\/v2\/types\/post"}],"replies":[{"embeddable":true,"href":"https:\/\/serbenidorm.daliisolutions.com\/index.php\/wp-json\/wp\/v2\/comments?post=14402"}],"version-history":[{"count":0,"href":"https:\/\/serbenidorm.daliisolutions.com\/index.php\/wp-json\/wp\/v2\/posts\/14402\/revisions"}],"wp:featuredmedia":[{"embeddable":true,"href":"https:\/\/serbenidorm.daliisolutions.com\/index.php\/wp-json\/wp\/v2\/media\/14403"}],"wp:attachment":[{"href":"https:\/\/serbenidorm.daliisolutions.com\/index.php\/wp-json\/wp\/v2\/media?parent=14402"}],"wp:term":[{"taxonomy":"category","embeddable":true,"href":"https:\/\/serbenidorm.daliisolutions.com\/index.php\/wp-json\/wp\/v2\/categories?post=14402"},{"taxonomy":"post_tag","embeddable":true,"href":"https:\/\/serbenidorm.daliisolutions.com\/index.php\/wp-json\/wp\/v2\/tags?post=14402"}],"curies":[{"name":"wp","href":"https:\/\/api.w.org\/{rel}","templated":true}]}}