{"id":14404,"date":"2025-04-22T14:00:15","date_gmt":"2025-04-22T12:00:15","guid":{"rendered":"https:\/\/serbenidorm.daliisolutions.com\/index.php\/2025\/04\/22\/la-ser-y-los40-la-primera-y-la-segunda-emisora-mas-escuchada-de-todas-las-radios-en-la-comunitat-valenciana\/"},"modified":"2025-04-22T14:00:15","modified_gmt":"2025-04-22T12:00:15","slug":"la-ser-y-los40-la-primera-y-la-segunda-emisora-mas-escuchada-de-todas-las-radios-en-la-comunitat-valenciana","status":"publish","type":"post","link":"https:\/\/serbenidorm.daliisolutions.com\/index.php\/2025\/04\/22\/la-ser-y-los40-la-primera-y-la-segunda-emisora-mas-escuchada-de-todas-las-radios-en-la-comunitat-valenciana\/","title":{"rendered":"La SER y LOS40: la primera y la segunda emisora m\u00e1s escuchada de todas las radios en la Comunitat Valenciana"},"content":{"rendered":"  <p><div data-adtype=\"MLDB\"><\/div><\/p>   <p>La Cadena SER en la Comunitat Valenciana refuerza su liderazgo y, con 518.000 oyentes, es la emisora m\u00e1s escuchada, a mucha distancia de sus m\u00e1ximos competidores. Aventaja a la COPE en 114.000 oyentes y tiene el doble de oyentes que Onda Cero.<\/p>   <p>LOS40, segunda emisora de todas las radios m\u00e1s escuchada<\/p>   <p>No solo eso, otra emisora de Prisa, LOS40, con 406.000 oyentes, se ha convertido en la segunda emisora m\u00e1s escuchada en la Comunitat Valenciana superando a la Cadena COPE. <\/p>   <p>Seg\u00fan el \u00faltimo EGM m\u00e1s de 1 mill\u00f3n 100 mil oyentes sintonizan cada d\u00eda alguna de las emisoras de Prisa en nuestro territorio. <\/p>   <p>En concreto se trata de un r\u00e9cord de Prisa Prisa Radio en la Comunitat Valenciana desde 2017, alcanzando 1.153.000 oyentes.<\/p>   <p>En nombre de todos los que hacemos la radio, gracias.<\/p>   <p><i>Sigue toda la \u00faltima hora en el canal de Whatsapp de Radio Valencia: <\/i><a href=\"https:\/\/eur01.safelinks.protection.outlook.com\/?url=https%3A%2F%2Fwhatsapp.com%2Fchannel%2F0029VaHjyqSFHWq2Q3iHB33R&amp;data=05%7C02%7Cjfores%40prisaradio.com%7C9cf93b8bc68040c162ea08dca66399b3%7Cc4fd49f3e15a44d882e2c909735d2e45%7C0%7C0%7C638568193933277239%7CUnknown%7CTWFpbGZsb3d8eyJWIjoiMC4wLjAwMDAiLCJQIjoiV2luMzIiLCJBTiI6Ik1haWwiLCJXVCI6Mn0%3D%7C0%7C%7C%7C&amp;sdata=wXicRJgfTg5wCWBTdUk%2FIrtJAULqiLUxrhnLmtwSKf0%3D&amp;reserved=0\" target=\"_blank\" rel=\"nofollow\" title=\"Direcci\u00f3n URL original: https:\/\/whatsapp.com\/channel\/0029VaHjyqSFHWq2Q3iHB33R. Haga clic o pulse si conf\u00eda en este v\u00ednculo.\"><i>haz clic aqu\u00ed y suscr\u00edbete<\/i><\/a><i> para recibir toda la informaci\u00f3n y la actualidad del d\u00eda en tu m\u00f3vil.<\/i><\/p> ","protected":false},"excerpt":{"rendered":"<p>Seg\u00fan el \u00faltimo EGM m\u00e1s de 1 mill\u00f3n 100 mil oyentes sintonizan cada d\u00eda alguna de las emisoras de Prisa en nuestro territorio<\/p>\n","protected":false},"author":0,"featured_media":14405,"comment_status":"open","ping_status":"open","sticky":false,"template":"","format":"standard","meta":{"_acf_changed":false,"footnotes":""},"categories":[1],"tags":[],"class_list":["post-14404","post","type-post","status-publish","format-standard","has-post-thumbnail","hentry","category-sin-categoria"],"acf":{"ser_id":"WZJ7GDQMUFF43CCYYRUNRKMSIY","ser_url":"https:\/\/cadenaser.com\/comunitat-valenciana\/2025\/04\/22\/la-ser-y-los40-la-primera-y-la-segunda-emisoras-mas-escuchadas-de-todas-las-radios-en-la-comunitat-valenciana-radio-valencia\/"},"_links":{"self":[{"href":"https:\/\/serbenidorm.daliisolutions.com\/index.php\/wp-json\/wp\/v2\/posts\/14404","targetHints":{"allow":["GET"]}}],"collection":[{"href":"https:\/\/serbenidorm.daliisolutions.com\/index.php\/wp-json\/wp\/v2\/posts"}],"about":[{"href":"https:\/\/serbenidorm.daliisolutions.com\/index.php\/wp-json\/wp\/v2\/types\/post"}],"replies":[{"embeddable":true,"href":"https:\/\/serbenidorm.daliisolutions.com\/index.php\/wp-json\/wp\/v2\/comments?post=14404"}],"version-history":[{"count":0,"href":"https:\/\/serbenidorm.daliisolutions.com\/index.php\/wp-json\/wp\/v2\/posts\/14404\/revisions"}],"wp:featuredmedia":[{"embeddable":true,"href":"https:\/\/serbenidorm.daliisolutions.com\/index.php\/wp-json\/wp\/v2\/media\/14405"}],"wp:attachment":[{"href":"https:\/\/serbenidorm.daliisolutions.com\/index.php\/wp-json\/wp\/v2\/media?parent=14404"}],"wp:term":[{"taxonomy":"category","embeddable":true,"href":"https:\/\/serbenidorm.daliisolutions.com\/index.php\/wp-json\/wp\/v2\/categories?post=14404"},{"taxonomy":"post_tag","embeddable":true,"href":"https:\/\/serbenidorm.daliisolutions.com\/index.php\/wp-json\/wp\/v2\/tags?post=14404"}],"curies":[{"name":"wp","href":"https:\/\/api.w.org\/{rel}","templated":true}]}}