{"id":14406,"date":"2025-04-22T14:00:16","date_gmt":"2025-04-22T12:00:16","guid":{"rendered":"https:\/\/serbenidorm.daliisolutions.com\/index.php\/2025\/04\/22\/el-servigroup-playas-de-benidorm-inicia-la-semana-mas-grande-de-su-historia\/"},"modified":"2025-04-22T14:00:16","modified_gmt":"2025-04-22T12:00:16","slug":"el-servigroup-playas-de-benidorm-inicia-la-semana-mas-grande-de-su-historia","status":"publish","type":"post","link":"https:\/\/serbenidorm.daliisolutions.com\/index.php\/2025\/04\/22\/el-servigroup-playas-de-benidorm-inicia-la-semana-mas-grande-de-su-historia\/","title":{"rendered":"El Servigroup Playas de Benidorm inicia la semana m\u00e1s grande de su historia"},"content":{"rendered":"  <p><div data-adtype=\"MLDB\"><\/div><\/p>   <p>Benidorm<\/p>   <p>Despu\u00e9s de una fase regular casi perfecta en la Superliga 2, en la que el equipo de Adriano Lamb se proclam\u00f3 campe\u00f3n de su grupo dej\u00e1ndose \u00fanicamente cinco puntos por el camino, el Servigroup Playas de Benidorm ya est\u00e1 listo para disputar la fase decisiva de la temporada en Legan\u00e9s, donde de jueves a domingo conf\u00eda en poder hacerse con el pasaporte a la m\u00e1xima categor\u00eda del v\u00f3ley espa\u00f1o.<\/p>   <p>El Pabell\u00f3n Europa de Legan\u00e9s (Madrid) ser\u00e1 el escenario donde los seis mejores equipos de la categor\u00eda se jugar\u00e1n dos plazas de ascenso y el t\u00edtulo de campe\u00f3n. La Real Federaci\u00f3n Espa\u00f1ola de Voleibol ha distribuido a los equipos en dos grupos.<\/p>   <p>El Servigroup Playas de Benidorm ha quedado encuadrado en el Grupo B, junto a Bar\u00e7a y Arona Playa de los Cristianos.<\/p>   <p>El debut del equipo ser\u00e1 el jueves 24 (17:00 horas) frente a Arona Playa de los Cristianos, y el viernes 25 se enfrentar\u00e1, a esa misma hora, al Bar\u00e7a en busca de una de las dos plazas para las semifinales que se disputar\u00e1n el s\u00e1bado, cuyos ganadores lograr\u00e1n el ascenso directo y disputar\u00e1n la gran final el domingo.<\/p>   <p>El equipo dirigido por Adriano Lamb ha trabajado intensamente durante las \u00faltimas semanas, con dobles sesiones diarias de entrenamiento para llegar en su mejor momento a esta cita hist\u00f3rica.<\/p>   <p>La expedici\u00f3n partir\u00e1 este mi\u00e9rcoles hacia Madrid, donde quedar\u00e1 concentrada hasta la conclusi\u00f3n del torneo. El jueves por la ma\u00f1ana realizar\u00e1 su \u00faltima sesi\u00f3n preparatoria en el mismo escenario de la competici\u00f3n.<\/p>   <p>Adriano Lamb, entrenador del Servigroup Playas de Benidorm, destaca que \u201cel equipo ha hecho un trabajo extraordinario estas semanas. Estamos muy ilusionados, con muchas ganas de competir y de dar este paso hist\u00f3rico para el club y para Benidorm. Alcanzar la Superliga ser\u00eda un sue\u00f1o cumplido y una recompensa merecida al esfuerzo de todos\u201d.<\/p>   <p>En caso de clasificaci\u00f3n para semifinales, el club organizar\u00e1 un autob\u00fas para que los aficionados puedan viajar y animar desde las gradas, ofreciendo ese plus de energ\u00eda que puede marcar la diferencia.<\/p>   <p><b>Programaci\u00f3n especial de Radio Benidorm-SER<\/b><\/p>   <p>Ante esta important\u00edsima cita, el equipo de deportes de Radio Benidorm-SER se desplazar\u00e1 a Legan\u00e9s junto al equipo para realizar desde all\u00ed una programaci\u00f3n especial con la que trasladar hasta Benidorm todo lo que suceda en los partidos y alrededor del equipo de Adriano Lamb.<\/p>   <p>Desde el mi\u00e9rcoles, SER Deportivos Marina Baixa emitir\u00e1 programas especiales de 15:20 a 16:00 horas con la presencia de los grandes protagonistas de esta fenomenal aventura.<\/p>   <p>Adem\u00e1s, el resto de la programaci\u00f3n de Radio Benidorm tambi\u00e9n contar\u00e1 con conexiones en directo con Legan\u00e9s para conocer al detalle el avance del equipo en esta fase de ascenso.<\/p> ","protected":false},"excerpt":{"rendered":"<p>Radio Benidorm-SER se desplaza con el equipo a Legan\u00e9s para narrar en directo su batalla por el ascenso a la Superliga<\/p>\n","protected":false},"author":0,"featured_media":14407,"comment_status":"open","ping_status":"open","sticky":false,"template":"","format":"standard","meta":{"_acf_changed":false,"footnotes":""},"categories":[16],"tags":[],"class_list":["post-14406","post","type-post","status-publish","format-standard","has-post-thumbnail","hentry","category-deportes"],"acf":{"ser_id":"RXHMPON5IZAZJGX3VCJ7L4LESQ","ser_url":"https:\/\/cadenaser.com\/comunitat-valenciana\/2025\/04\/22\/el-servigroup-playas-de-benidorm-inicia-la-semana-mas-grande-de-su-historia-radio-benidorm\/"},"_links":{"self":[{"href":"https:\/\/serbenidorm.daliisolutions.com\/index.php\/wp-json\/wp\/v2\/posts\/14406","targetHints":{"allow":["GET"]}}],"collection":[{"href":"https:\/\/serbenidorm.daliisolutions.com\/index.php\/wp-json\/wp\/v2\/posts"}],"about":[{"href":"https:\/\/serbenidorm.daliisolutions.com\/index.php\/wp-json\/wp\/v2\/types\/post"}],"replies":[{"embeddable":true,"href":"https:\/\/serbenidorm.daliisolutions.com\/index.php\/wp-json\/wp\/v2\/comments?post=14406"}],"version-history":[{"count":0,"href":"https:\/\/serbenidorm.daliisolutions.com\/index.php\/wp-json\/wp\/v2\/posts\/14406\/revisions"}],"wp:featuredmedia":[{"embeddable":true,"href":"https:\/\/serbenidorm.daliisolutions.com\/index.php\/wp-json\/wp\/v2\/media\/14407"}],"wp:attachment":[{"href":"https:\/\/serbenidorm.daliisolutions.com\/index.php\/wp-json\/wp\/v2\/media?parent=14406"}],"wp:term":[{"taxonomy":"category","embeddable":true,"href":"https:\/\/serbenidorm.daliisolutions.com\/index.php\/wp-json\/wp\/v2\/categories?post=14406"},{"taxonomy":"post_tag","embeddable":true,"href":"https:\/\/serbenidorm.daliisolutions.com\/index.php\/wp-json\/wp\/v2\/tags?post=14406"}],"curies":[{"name":"wp","href":"https:\/\/api.w.org\/{rel}","templated":true}]}}