{"id":1442,"date":"2024-01-16T10:41:41","date_gmt":"2024-01-16T09:41:41","guid":{"rendered":"https:\/\/serbenidorm.daliisolutions.com\/index.php\/2024\/01\/16\/todos-los-partidos-los-horarios-y-los-resultados-del-tm-benidorm-2023-2024\/"},"modified":"2024-01-16T10:41:41","modified_gmt":"2024-01-16T09:41:41","slug":"todos-los-partidos-los-horarios-y-los-resultados-del-tm-benidorm-2023-2024","status":"publish","type":"post","link":"https:\/\/serbenidorm.daliisolutions.com\/index.php\/2024\/01\/16\/todos-los-partidos-los-horarios-y-los-resultados-del-tm-benidorm-2023-2024\/","title":{"rendered":"Todos los partidos, los horarios y los resultados del TM Benidorm 2023-2024"},"content":{"rendered":"  <p>Benidorm<\/p>   <p>La Liga Asobal sorteaba el d\u00eda 13 de julio el calendario para la temporada 2023-2024, la d\u00e9cima del TM Benidorm en la m\u00e1xima categor\u00eda del balonmano espa\u00f1ol.  El azar quiso que el primer rival del equipo de Sergio Carballeira fuera el Blendio Sinf\u00edn c\u00e1ntabro, que fue uno de los rivales directos de los del Palau d\u2019Esports l\u2019Illa de Benidorm en la pelea por la permanencia en la pasada campa\u00f1a.<\/p>   <p>La competici\u00f3n se prolongar\u00e1 desde el 9 de septiembre hasta el pr\u00f3ximo 25 de mayo, cuando el TM Benidorm ponga fin a su a\u00f1o visitando al Granollers. El \u00faltimo partido en casa ser\u00e1 el d\u00eda 18 de mayo ante Anaitasuna.<\/p>   <p><b>Derbi valenciano y visita del Bar\u00e7a en marzo<\/b><\/p>   <p>El sorteo, adem\u00e1s, ha querido que el mes de marzo sea uno de los m\u00e1s intensos para los intereses del TM Benidorm como local. Ser\u00e1 entonces cuando con motivo de la 20\u00aa jornada de la Liga Asobal (2\/3\/24), visite el Palau d\u2019Esports el Puerto de Sagunto, en el que ser\u00e1 el gran derbi valenciano de la temporada.<\/p>   <p>Adem\u00e1s, s\u00f3lo dos jornadas m\u00e1s tarde (23\/3\/24), el TM Benidorm recibir\u00e1 la visita del todopoderoso F.C. Barcelona, un duelo que, si bien es el m\u00e1s complicado de cuantos se disputan cada a\u00f1o, es el que suele registrar la mejor entrada de la temporada.<\/p>   <p><u><b>Calendario completo del TM Benidorm 2023-2024<\/b><\/u><\/p>   <p><b>J1<\/b> 9\/9\/23: Sinf\u00edn \u2013 TM Benidorm <b>22-30<\/b> | <a href=\"https:\/\/cadenaser.com\/comunitat-valenciana\/2023\/09\/08\/el-tm-benidorm-arranca-en-cantabria-su-decimo-ano-en-asobal-radio-benidorm\/\" target=\"_blank\" rel=\"noopener\"><b>PREVIA <\/b><\/a>| <a href=\"https:\/\/cadenaser.com\/comunitat-valenciana\/2023\/09\/10\/el-tm-benidorm-golpe-duro-en-la-cancha-del-blendio-sinfin-radio-benidorm\/\" target=\"_blank\" rel=\"noopener\"><b>CR\u00d3NICA<\/b><\/a><\/p>   <p><b>J2<\/b> 16\/9\/23: TM Benidorm \u2013 Ademar de Le\u00f3n <b>26-26 <\/b>| <a href=\"https:\/\/cadenaser.com\/comunitat-valenciana\/2023\/09\/15\/el-tm-benidorm-se-reencuentra-con-su-aficion-ante-el-ademar-de-leon-radio-benidorm\/\" target=\"_blank\" rel=\"noopener\"><b>PREVIA<\/b><\/a> | <a href=\"https:\/\/cadenaser.com\/comunitat-valenciana\/2023\/09\/16\/tm-benidorm-y-ademar-de-leon-firman-tablas-en-un-duelo-de-altisimo-nivel-radio-benidorm\/\" target=\"_blank\" rel=\"noopener\"><b>CR\u00d3NICA<\/b><\/a><\/p>   <p><b>J3<\/b> 24\/9\/23: Frigor\u00edficos del Morrazo &#8211; TM Benidorm | <b>34-34<\/b> <a href=\"https:\/\/cadenaser.com\/comunitat-valenciana\/2023\/09\/22\/el-tm-benidorm-pone-a-prueba-su-buen-momento-ante-el-cangas-radio-benidorm\/\" target=\"_blank\" rel=\"noopener\"><b>PREVIA<\/b><\/a><b> | <\/b><a href=\"https:\/\/cadenaser.com\/comunitat-valenciana\/2023\/09\/24\/el-tm-benidorm-sigue-invicto-tras-empatar-con-cangas-radio-benidorm\/\" target=\"_blank\" rel=\"noopener\"><b>CR\u00d3NICA<\/b><\/a><\/p>   <p><b>J4 <\/b>30\/9\/23: TM Benidorm \u2013 Bada Huesca | <b>26-26<\/b> <a href=\"https:\/\/cadenaser.com\/comunitat-valenciana\/2023\/09\/29\/benidorm-vivira-este-fin-de-semana-la-gran-fiesta-del-balonmano-radio-benidorm\/\" target=\"_blank\" rel=\"noopener\"><b>PREVIA<\/b><\/a> | <a href=\"https:\/\/cadenaser.com\/comunitat-valenciana\/2023\/10\/02\/el-tm-benidorm-se-abona-al-empate-y-a-los-partidos-agonicos-radio-benidorm\/\" target=\"_blank\" rel=\"noopener\"><b>CR\u00d3NICA<\/b><\/a><\/p>   <p><b>J5 <\/b>8\/10\/23: Fertiberia Puerto Sagunto &#8211; TM Benidorm <b>24-27<\/b> | <a href=\"https:\/\/cadenaser.com\/comunitat-valenciana\/2023\/10\/06\/el-tm-benidorm-viaja-a-sagunto-con-el-objetivo-de-seguir-invicto-en-asobal-radio-benidorm\/\" target=\"_blank\" rel=\"noopener\"><b>PREVIA <\/b><\/a>| <a href=\"https:\/\/cadenaser.com\/comunitat-valenciana\/2023\/10\/09\/un-witkowski-imperial-guia-desde-la-porteria-al-tm-benidorm-radio-benidorm\/\" target=\"_blank\" rel=\"noopener\"><b>CR\u00d3NICA<\/b><\/a><\/p>   <p><b>Copa del Rey <\/b>11\/10\/23: Villa de Aranda &#8211; TM Benidorm <b>24-28<\/b> | <a href=\"https:\/\/cadenaser.com\/comunitat-valenciana\/2023\/10\/10\/el-tm-benidorm-viaja-a-aranda-de-duero-en-la-primera-eliminatoria-de-copa-radio-benidorm\/\" target=\"_blank\" rel=\"noopener\"><b>PREVIA<\/b><\/a> | <a href=\"https:\/\/cadenaser.com\/comunitat-valenciana\/2023\/10\/11\/las-guerreras-inician-en-benidorm-una-nueva-etapa-con-el-mundial-en-el-punto-de-mira-radio-benidorm\/\" target=\"_blank\" rel=\"noopener\"><b>CR\u00d3NICA<\/b><\/a><\/p>   <p><b>J6<\/b> 15\/10\/23: TM Benidorm &#8211; Bidasoa Ir\u00fan <b>24-31 <\/b>| <a href=\"https:\/\/cadenaser.com\/comunitat-valenciana\/2023\/10\/13\/bidasoa-irun-llega-al-palau-como-test-definitivo-para-el-tm-benidorm-radio-benidorm\/\" target=\"_blank\" rel=\"noopener\"><b>PREVIA<\/b><\/a><b> | <\/b><a href=\"https:\/\/cadenaser.com\/comunitat-valenciana\/2023\/10\/15\/el-bidasoa-de-irun-despierta-del-sueno-al-tm-benidorm-radio-benidorm\/\" target=\"_blank\" rel=\"noopener\"><b>CR\u00d3NICA<\/b><\/a><\/p>   <p><b>J7<\/b> 21\/10\/23: Bar\u00e7a &#8211; TM Benidorm <b>33-30 <\/b>|<b> <\/b><a href=\"https:\/\/cadenaser.com\/comunitat-valenciana\/2023\/10\/23\/el-tm-benidorm-cae-en-el-palau-blaugrana-a-la-vez-que-recupera-buenas-sensaciones-radio-benidorm\/\" target=\"_blank\" rel=\"noopener\"><b>CR\u00d3NICA<\/b><\/a><\/p>   <p><b>J8 <\/b>27\/10\/23: TM Benidorm \u2013 Torrelavega <b>35-33 <\/b>| <a href=\"https:\/\/cadenaser.com\/comunitat-valenciana\/2023\/10\/26\/asobal-designa-el-choque-entre-el-tm-benidorm-y-torrelavega-como-el-partido-de-la-jornada-radio-benidorm\/\" target=\"_blank\" rel=\"noopener\"><b>PREVIA <\/b><\/a>| <a href=\"https:\/\/cadenaser.com\/comunitat-valenciana\/2023\/10\/28\/un-sobresaliente-nacho-valles-lidera-al-tm-benidorm-a-una-victoria-redentora-radio-benidorm\/\" target=\"_blank\" rel=\"noopener\"><b>CR\u00d3NICA<\/b><\/a><\/p>   <p><b>J9 <\/b>8\/11\/23: Valladolid &#8211; TM Benidorm <b>31-30 | <\/b><a href=\"https:\/\/cadenaser.com\/comunitat-valenciana\/2023\/11\/09\/el-tm-benidorm-pierde-por-la-minima-en-valladolid-radio-benidorm\/\" target=\"_blank\" rel=\"noopener\"><b>CR\u00d3NICA<\/b><\/a><\/p>   <p><b>J10 <\/b>11\/11\/23: TM Benidorm \u2013 Logro\u00f1o <b>28-34<\/b><\/p>   <p><b>J11 <\/b>18\/11\/23: Puente Genil &#8211; TM Benidorm <b>29-39 | <\/b><a href=\"https:\/\/cadenaser.com\/comunitat-valenciana\/2023\/11\/19\/el-tm-benidorm-vence-y-convence-en-puente-genil-radio-benidorm\/\" target=\"_blank\" rel=\"noopener\"><b>CR\u00d3NICA<\/b><\/a><\/p>   <p><b>J12 <\/b>25\/11\/23: TM Benidorm \u2013 BM Cuenca | <b>30-27<\/b> | <a href=\"https:\/\/cadenaser.com\/comunitat-valenciana\/2023\/11\/24\/el-tm-benidorm-busca-confirmar-su-buen-momento-ante-el-cuenca-radio-benidorm\/\" target=\"_blank\" rel=\"noopener\"><b>PREVIA<\/b><\/a><b> | <\/b><a href=\"https:\/\/cadenaser.com\/comunitat-valenciana\/2023\/11\/27\/el-tm-benidorm-tira-de-orgullo-para-imponerse-al-cuenca-radio-benidorm\/\" target=\"_blank\" rel=\"noopener\"><b>CR\u00d3NICA<\/b><\/a><\/p>   <p><b>J13 <\/b>2\/12\/23: TM Benidorm \u2013 BM Nava <b>29-32 <\/b>| <a href=\"https:\/\/cadenaser.com\/comunitat-valenciana\/2023\/12\/01\/el-tm-benidorm-busca-mantener-su-buena-racha-ante-el-nava-radio-benidorm\/\" target=\"_blank\" rel=\"noopener\"><b>PREVIA<\/b><\/a><b> | <\/b><a href=\"https:\/\/cadenaser.com\/comunitat-valenciana\/2023\/12\/03\/el-tm-benidorm-sufre-un-castigo-excesivo-ante-el-nava-radio-benidorm\/\" target=\"_blank\" rel=\"noopener\"><b>CR\u00d3NICA<\/b><\/a><\/p>   <p><b>J14 <\/b>9\/12\/23: Anaitasuna &#8211; TM Benidorm <b>29-26 |<\/b> <a href=\"https:\/\/cadenaser.com\/comunitat-valenciana\/2023\/12\/07\/el-tm-benidorm-viaja-enrabietado-a-la-cancha-del-anaitasuna-radio-benidorm\/\" target=\"_blank\" rel=\"noopener\"><b>PREVIA<\/b><\/a><b> &#8211; <\/b><a href=\"https:\/\/cadenaser.com\/comunitat-valenciana\/2023\/12\/11\/el-tm-benidorm-paga-cara-una-mala-primera-mitad-ante-anaitasuna-radio-benidorm\/\" target=\"_blank\" rel=\"noopener\"><b>CR\u00d3NICA<\/b><\/a><\/p>   <p><b>J15 <\/b>12\/12\/23: TM Benidorm \u2013 Granollers | 21:00 hrs (Palau d&#8217;Esports l&#8217;Illa de Benidorm)<\/p>   <p><b>J16 <\/b>3\/2\/24: TM Benidorm \u2013 Sinf\u00edn | Horario no asginado<\/p>   <p><b>J17 <\/b>10\/2\/24: Ademar de Le\u00f3n &#8211; TM Benidorm | Horario no asginado<\/p>   <p><b>J18 <\/b>17\/2\/24: TM Benidorm \u2013 Frigor\u00edficos del Morrazo | Horario no asginado<\/p>   <p><b>J19 <\/b>24\/2\/24: Bada Huesca &#8211; TM Benidorm | Horario no asginado<\/p>   <p><b>J20 <\/b>2\/3\/24: TM Benidorm \u2013 Puerto de Sangunto | Horario no asginado<\/p>   <p><b>J21 <\/b>9\/3\/24: Bidasoa Ir\u00fan &#8211; TM Benidorm | Horario no asginado<\/p>   <p><b>J22 <\/b>23\/3\/24: TM Benidorm \u2013 Bar\u00e7a | Horario no asginado<\/p>   <p><b>J23 <\/b>30\/3\/24: BM Torrelavega &#8211; TM Benidorm | Horario no asginado<\/p>   <p><b>J24 <\/b>6\/4\/24: TM Benidorm \u2013 Valladolid | Horario no asginado<\/p>   <p><b>J25 <\/b>13\/4\/24: Logro\u00f1o &#8211; TM Benidorm | Horario no asginado<\/p>   <p><b>J26 <\/b>20\/4\/24: TM Benidorm \u2013 Puente Genil | Horario no asginado<\/p>   <p><b>J27 <\/b>27\/4\/24: BM Cuenca &#8211; TM Benidorm | Horario no asginado<\/p>   <p><b>J28 <\/b>4\/5\/24: BM Nava &#8211; TM Benidorm | Horario no asginado<\/p>   <p><b>J29 <\/b>18\/5\/24: TM Benidorm \u2013 Anaitasuna | Horario no asginado<\/p>   <p><b>J30 <\/b>25\/5\/24: Granollers &#8211; TM Benidorm | Horario no asginado<\/p>   <p><u><b>Amistosos de pretemporada<\/b><\/u><\/p>   <p>01\/09\/23: TM Benidorm &#8211; Fundaci\u00f3n Agustinos <b>31-31<\/b><\/p>   <p>27\/08\/23: TM Benidorm &#8211; E\u00f3n Alicante <b>26-26<\/b> (Torneo Ciudad de Benicarl\u00f3)<\/p>   <p>26\/08\/23: TM Benidorm &#8211; Sassari <b>36-31<\/b> (Torneo Ciudad de Benicarl\u00f3)<\/p>   <p>20\/08\/23: TM Benidorm &#8211; Ivry <b>25-30<\/b> (Torneo GTH Comunitat Valenciana)<\/p>   <p>18\/08\/23: TM Benidorm &#8211; Bietigheim <b>20-27<\/b> (Torneo GTH Comunitat Valenciana)<\/p>   <p>13\/08\/23: TM Benidorm &#8211; Volendam <b>32-31<\/b> (III Torneo Ciudad de Benidorm)<\/p>   <p>12\/08\/23: TM Benidorm &#8211; Cuenca <b>18-18<\/b> (III Torneo Ciudad de Benidorm)<\/p> ","protected":false},"excerpt":{"rendered":"<p>As\u00ed est\u00e1 siendo la d\u00e9cima temporada del equipo del Palau d&#8217;Esports en la Liga Asobal<\/p>\n","protected":false},"author":0,"featured_media":1443,"comment_status":"open","ping_status":"open","sticky":false,"template":"","format":"standard","meta":{"_acf_changed":false,"footnotes":""},"categories":[16],"tags":[],"class_list":["post-1442","post","type-post","status-publish","format-standard","has-post-thumbnail","hentry","category-deportes"],"acf":{"ser_id":"UR6XNNCKLVHCLMAWVH6TOL5ZPY","ser_url":"https:\/\/cadenaser.com\/comunitat-valenciana\/2023\/09\/05\/todos-los-partidos-los-horarios-y-los-resultados-del-tm-benidorm-2023-2024-radio-benidorm\/"},"_links":{"self":[{"href":"https:\/\/serbenidorm.daliisolutions.com\/index.php\/wp-json\/wp\/v2\/posts\/1442","targetHints":{"allow":["GET"]}}],"collection":[{"href":"https:\/\/serbenidorm.daliisolutions.com\/index.php\/wp-json\/wp\/v2\/posts"}],"about":[{"href":"https:\/\/serbenidorm.daliisolutions.com\/index.php\/wp-json\/wp\/v2\/types\/post"}],"replies":[{"embeddable":true,"href":"https:\/\/serbenidorm.daliisolutions.com\/index.php\/wp-json\/wp\/v2\/comments?post=1442"}],"version-history":[{"count":0,"href":"https:\/\/serbenidorm.daliisolutions.com\/index.php\/wp-json\/wp\/v2\/posts\/1442\/revisions"}],"wp:featuredmedia":[{"embeddable":true,"href":"https:\/\/serbenidorm.daliisolutions.com\/index.php\/wp-json\/wp\/v2\/media\/1443"}],"wp:attachment":[{"href":"https:\/\/serbenidorm.daliisolutions.com\/index.php\/wp-json\/wp\/v2\/media?parent=1442"}],"wp:term":[{"taxonomy":"category","embeddable":true,"href":"https:\/\/serbenidorm.daliisolutions.com\/index.php\/wp-json\/wp\/v2\/categories?post=1442"},{"taxonomy":"post_tag","embeddable":true,"href":"https:\/\/serbenidorm.daliisolutions.com\/index.php\/wp-json\/wp\/v2\/tags?post=1442"}],"curies":[{"name":"wp","href":"https:\/\/api.w.org\/{rel}","templated":true}]}}