{"id":1444,"date":"2024-01-16T10:41:43","date_gmt":"2024-01-16T09:41:43","guid":{"rendered":"https:\/\/serbenidorm.daliisolutions.com\/index.php\/2024\/01\/16\/todos-los-partidos-los-horarios-y-los-resultados-del-voleibol-2023-2024\/"},"modified":"2024-01-16T10:41:43","modified_gmt":"2024-01-16T09:41:43","slug":"todos-los-partidos-los-horarios-y-los-resultados-del-voleibol-2023-2024","status":"publish","type":"post","link":"https:\/\/serbenidorm.daliisolutions.com\/index.php\/2024\/01\/16\/todos-los-partidos-los-horarios-y-los-resultados-del-voleibol-2023-2024\/","title":{"rendered":"Todos los partidos, los horarios y los resultados del voleibol 2023-2024"},"content":{"rendered":"  <p>Benidorm<\/p>   <p>Los dos equipos del Club Voleibol Playas de Benidorm y el Medsur-Finestrat coincidir\u00e1n esta temporada, y por primera vez en la historia de nuestra comarca, en la Superliga 2, la categor\u00eda de plata del v\u00f3ley espa\u00f1ol.<\/p>   <p>La competici\u00f3n con mayor representaci\u00f3n comarcal ser\u00e1, claro est\u00e1, la femenina, donde coincidir\u00e1n el HolaCV-Benidorm y el Medsur-Finestrat, d\u00e1ndose la circunstancia de que el primer derbi comarcal liguero ser\u00e1, precisamente, el partido que abra la temporada.<\/p>   <p>En la Superliga 2 masculina, la representaci\u00f3n de la Marina Baixa recalar\u00e1 en el Servigroup Benidorm, que este a\u00f1o estar\u00e1 dirigido desde el banquillo por el brasile\u00f1o Adriano Lamb.<\/p>   <p><b>Primera vuelta<\/b><\/p>   <p><b>J1 7\/10\/2023<\/b><\/p>   <p>Servigroup Benidorm \u2013 Almer\u00eda <b>3-2<\/b> (25-19\/21-25\/25-22\/19-25\/15-12) | <a href=\"https:\/\/cadenaser.com\/comunitat-valenciana\/2023\/10\/05\/el-club-voleibol-playas-de-benidorm-arranca-la-temporada-con-la-vista-puesta-en-el-doble-ascenso-radio-benidorm\/\" target=\"_blank\" rel=\"noopener\"><b>PREVIA <\/b><\/a>&#8211; <a href=\"https:\/\/cadenaser.com\/comunitat-valenciana\/2023\/10\/09\/el-holacv-benidorm-se-impone-con-rotundidad-al-finestrat-en-el-derbi-comarcal-radio-benidorm\/\" target=\"_blank\" rel=\"noopener\"><b>CR\u00d3NICA<\/b><\/a><\/p>   <p>HolaCV-Benidorm \u2013 Medsur-Finestrat <b>3-0<\/b> (25-10, 25-17, 25-19) | <a href=\"https:\/\/cadenaser.com\/comunitat-valenciana\/2023\/10\/05\/el-club-voleibol-playas-de-benidorm-arranca-la-temporada-con-la-vista-puesta-en-el-doble-ascenso-radio-benidorm\/\" target=\"_blank\" rel=\"noopener\"><b>PREVIA <\/b><\/a>&#8211; <a href=\"https:\/\/cadenaser.com\/comunitat-valenciana\/2023\/10\/09\/el-holacv-benidorm-se-impone-con-rotundidad-al-finestrat-en-el-derbi-comarcal-radio-benidorm\/\" target=\"_blank\" rel=\"noopener\"><b>CR\u00d3NICA<\/b><\/a><\/p>   <p><b>J2 14\/10\/2023<\/b><\/p>   <p>Legan\u00e9s &#8211; Servigroup Benidorm <b>3-0 <\/b>(25-14\/25-17\/25-16) | <a href=\"https:\/\/cadenaser.com\/comunitat-valenciana\/2023\/10\/13\/el-holacv-benidorm-viaja-a-cartagena-para-afrontar-un-importante-examen-radio-benidorm\/\" target=\"_blank\" rel=\"noopener\"><b>PREVIA<\/b><\/a> &#8211; <a href=\"https:\/\/cadenaser.com\/comunitat-valenciana\/2023\/10\/15\/una-remontada-heroica-coloca-al-holacv-benidorm-en-los-puestos-de-ascenso-radio-benidorm\/\" target=\"_blank\" rel=\"noopener\"><b>CR\u00d3NICA<\/b><\/a><\/p>   <p>Cartagena &#8211; HolaCV-Benidorm <b>2-3 <\/b>(25-18\/25-19\/19-25\/19-25\/14-16) | <a href=\"https:\/\/cadenaser.com\/comunitat-valenciana\/2023\/10\/13\/el-holacv-benidorm-viaja-a-cartagena-para-afrontar-un-importante-examen-radio-benidorm\/\" target=\"_blank\" rel=\"noopener\"><b>PREVIA<\/b><\/a> &#8211; <a href=\"https:\/\/cadenaser.com\/comunitat-valenciana\/2023\/10\/15\/una-remontada-heroica-coloca-al-holacv-benidorm-en-los-puestos-de-ascenso-radio-benidorm\/\" target=\"_blank\" rel=\"noopener\"><b>CR\u00d3NICA<\/b><\/a><\/p>   <p>Medsur-Finestrat \u2013 Gu\u00eda <b>0-3 <\/b>(20-25\/18-25\/20-25) | <a href=\"https:\/\/cadenaser.com\/comunitat-valenciana\/2023\/10\/13\/el-holacv-benidorm-viaja-a-cartagena-para-afrontar-un-importante-examen-radio-benidorm\/\" target=\"_blank\" rel=\"noopener\"><b>PREVIA<\/b><\/a> &#8211; <a href=\"https:\/\/cadenaser.com\/comunitat-valenciana\/2023\/10\/15\/una-remontada-heroica-coloca-al-holacv-benidorm-en-los-puestos-de-ascenso-radio-benidorm\/\" target=\"_blank\" rel=\"noopener\"><b>CR\u00d3NICA<\/b><\/a><\/p>   <p><b>J3 21\/10\/2023<\/b><\/p>   <p>Servigroup Benidorm \u2013 VP Madrid | <b>3-1 <\/b>(25-21\/19-15\/25-22\/25-14) | <a href=\"https:\/\/cadenaser.com\/comunitat-valenciana\/2023\/10\/23\/el-servigroup-benidorm-se-da-un-chute-de-moral-a-costa-del-vp-madrid-radio-benidorm\/\" target=\"_blank\" rel=\"noopener\"><b>CR\u00d3NICA<\/b><\/a><\/p>   <p>HolaCV-Benidorm \u2013 Gu\u00eda | <b>2-3 <\/b>(25-22\/23-25\/26-24\/16-25\/9-15) | <a href=\"https:\/\/cadenaser.com\/comunitat-valenciana\/2023\/10\/23\/el-servigroup-benidorm-se-da-un-chute-de-moral-a-costa-del-vp-madrid-radio-benidorm\/\" target=\"_blank\" rel=\"noopener\"><b>CR\u00d3NICA<\/b><\/a><\/p>   <p>Madrid-Chamber\u00ed &#8211; Medsur-Finestrat | <b>0-3 <\/b>(25-21\/25-21\/25-22) | <a href=\"https:\/\/cadenaser.com\/comunitat-valenciana\/2023\/10\/23\/el-servigroup-benidorm-se-da-un-chute-de-moral-a-costa-del-vp-madrid-radio-benidorm\/\" target=\"_blank\" rel=\"noopener\"><b>CR\u00d3NICA<\/b><\/a><\/p>   <p><b>J4 28\/10\/2023<\/b><\/p>   <p>Alcorc\u00f3n &#8211; Servigroup Benidorm <b>1-3<\/b> (21-25\/21-25\/27-25\/23-25) | <a href=\"https:\/\/cadenaser.com\/comunitat-valenciana\/2023\/10\/27\/el-voley-de-la-marina-baixa-afronta-un-fin-de-semana-para-sumar-si-o-si-radio-benidorm\/\" target=\"_blank\" rel=\"noopener\"><b>PREVIA<\/b><\/a> &#8211; <a href=\"https:\/\/cadenaser.com\/comunitat-valenciana\/2023\/10\/30\/medsur-finestrat-estrena-su-casillero-de-victorias-en-la-superliga-2-radio-benidorm\/\" target=\"_blank\" rel=\"noopener\"><b>CR\u00d3NICA<\/b><\/a><\/p>   <p>Mairena &#8211; HolaCV-Benidorm <b>3-2<\/b> (25-20\/25-21\/18-25\/23-25\/15-7) | <a href=\"https:\/\/cadenaser.com\/comunitat-valenciana\/2023\/10\/27\/el-voley-de-la-marina-baixa-afronta-un-fin-de-semana-para-sumar-si-o-si-radio-benidorm\/\" target=\"_blank\" rel=\"noopener\"><b>PREVIA<\/b><\/a> &#8211; <a href=\"https:\/\/cadenaser.com\/comunitat-valenciana\/2023\/10\/30\/medsur-finestrat-estrena-su-casillero-de-victorias-en-la-superliga-2-radio-benidorm\/\" target=\"_blank\" rel=\"noopener\"><b>CR\u00d3NICA<\/b><\/a><\/p>   <p>Medsur-Finestrat \u2013 Atarfe <b>3-1<\/b> (25-20\/22-25\/25-23\/25-12) | <a href=\"https:\/\/cadenaser.com\/comunitat-valenciana\/2023\/10\/27\/el-voley-de-la-marina-baixa-afronta-un-fin-de-semana-para-sumar-si-o-si-radio-benidorm\/\" target=\"_blank\" rel=\"noopener\"><b>PREVIA<\/b><\/a><b> <\/b>&#8211; <a href=\"https:\/\/cadenaser.com\/comunitat-valenciana\/2023\/10\/30\/medsur-finestrat-estrena-su-casillero-de-victorias-en-la-superliga-2-radio-benidorm\/\" target=\"_blank\" rel=\"noopener\"><b>CR\u00d3NICA<\/b><\/a><\/p>   <p><b>J5 4\/11\/2023<\/b><\/p>   <p>Servigroup Benidorm \u2013 Collado Villalba<b> 3-2<\/b> (25-18\/21-25\/23-25\/25-22\/15-11)<\/p>   <p>HolaCV-Benidorm \u2013 Madrid Chamber\u00ed <b>0-3<\/b> (21-25\/16-25\/18-25)<\/p>   <p>Sant Joan &#8211; Medsur-Finestrat <b>3-0<\/b> (25-17\/25-20\/25-19)<\/p>   <p><b>J6 11\/11\/2023<\/b><\/p>   <p>Suac Canarias &#8211; Servigroup Benidorm <b>1 -3<\/b> (23-25\/19-25\/25-18\/9-25)<\/p>   <p>Gran Canaria &#8211; HolaCV-Benidorm <b>0-3<\/b> (23-25\/21-25\/21-25)<\/p>   <p>Medsur-Finestrat \u2013 Grau Elite <b>3-1<\/b> (25-16\/25-20\/22-25\/25-19)<\/p>   <p><b>J7 18\/11\/2023<\/b><\/p>   <p>Servigroup Benidorm \u2013 Pinto <b>3-0<\/b> (25-13\/25-23\/25-19) | <a href=\"https:\/\/cadenaser.com\/comunitat-valenciana\/2023\/11\/19\/el-servigroup-benidorm-ya-roza-el-pasaporte-para-la-copa-del-principe-radio-benidorm\/\" target=\"_blank\" rel=\"noopener\"><b>CR\u00d3NICA<\/b><\/a><\/p>   <p>HolaCV-Benidorm \u2013 Atarfe <b>3-1<\/b> (21-25\/25-12\/25-23\/25-18) | <a href=\"https:\/\/cadenaser.com\/comunitat-valenciana\/2023\/11\/19\/el-servigroup-benidorm-ya-roza-el-pasaporte-para-la-copa-del-principe-radio-benidorm\/\" target=\"_blank\" rel=\"noopener\"><b>CR\u00d3NICA<\/b><\/a><\/p>   <p>Cartagena &#8211; Medsur-Finestrat <b>3-0<\/b> (25-17\/25-20\/25-22) | <a href=\"https:\/\/cadenaser.com\/comunitat-valenciana\/2023\/11\/19\/el-servigroup-benidorm-ya-roza-el-pasaporte-para-la-copa-del-principe-radio-benidorm\/\" target=\"_blank\" rel=\"noopener\"><b>CR\u00d3NICA<\/b><\/a><\/p>   <p><b>J8 25\/11\/2023<\/b><\/p>   <p>Judesa &#8211; Servigroup Benidorm <b>3-0<\/b> (25-23\/25-22\/25) | <a href=\"https:\/\/cadenaser.com\/comunitat-valenciana\/2023\/11\/24\/el-servigroup-benidorm-inicia-el-sprint-final-hacia-la-copa-del-principe-radio-benidorm\/\" target=\"_blank\" rel=\"noopener\"><b>PREVIA<\/b><\/a><b> | <\/b><a href=\"https:\/\/cadenaser.com\/comunitat-valenciana\/2023\/11\/27\/el-servigroup-benidorm-deja-escapar-la-copa-del-principe-en-un-mal-partido-radio-benidorm\/\" target=\"_blank\" rel=\"noopener\"><b>CR\u00d3NICA<\/b><\/a><\/p>   <p>Universitat d\u2019Alacant &#8211; HolaCV-Benidorm <b>0-3<\/b> (17-25\/16-25\/15-25) | <a href=\"https:\/\/cadenaser.com\/comunitat-valenciana\/2023\/11\/24\/el-servigroup-benidorm-inicia-el-sprint-final-hacia-la-copa-del-principe-radio-benidorm\/\" target=\"_blank\" rel=\"noopener\"><b>PREVIA<\/b><\/a><b> | <\/b><a href=\"https:\/\/cadenaser.com\/comunitat-valenciana\/2023\/11\/27\/el-servigroup-benidorm-deja-escapar-la-copa-del-principe-en-un-mal-partido-radio-benidorm\/\" target=\"_blank\" rel=\"noopener\"><b>CR\u00d3NICA<\/b><\/a><\/p>   <p>Medsur-Finestrat \u2013 Mairena | <b>1-3<\/b> (25-20\/16-25\/20-25\/15-25) | <a href=\"https:\/\/cadenaser.com\/comunitat-valenciana\/2023\/11\/24\/el-servigroup-benidorm-inicia-el-sprint-final-hacia-la-copa-del-principe-radio-benidorm\/\" target=\"_blank\" rel=\"noopener\"><b>PREVIA<\/b><\/a><b> | <\/b><a href=\"https:\/\/cadenaser.com\/comunitat-valenciana\/2023\/11\/27\/el-servigroup-benidorm-deja-escapar-la-copa-del-principe-en-un-mal-partido-radio-benidorm\/\" target=\"_blank\" rel=\"noopener\"><b>CR\u00d3NICA<\/b><\/a><\/p>   <p><b>J9 2\/12\/2023<\/b><\/p>   <p>Servigroup Benidorm \u2013 Costa V\u00f3ley <b>3-1<\/b> (25-20\/25-19\/17-25\/27-25) | <a href=\"https:\/\/cadenaser.com\/comunitat-valenciana\/2023\/12\/01\/el-servigroup-benidorm-se-quiere-amarrar-a-la-copa-principe-radio-benidorm\/\" target=\"_blank\" rel=\"noopener\"><b>PREVIA <\/b><\/a><b>| <\/b><a href=\"https:\/\/cadenaser.com\/comunitat-valenciana\/2023\/12\/03\/el-cv-playas-de-benidorm-sigue-sonando-con-irse-de-copas-radio-benidorm\/\" target=\"_blank\" rel=\"noopener\"><b>CR\u00d3NICA<\/b><\/a><\/p>   <p>HolaCV-Benidorm \u2013 Sant Joan <b>3-0<\/b> (25-19\/25-17\/25-19) | <a href=\"https:\/\/cadenaser.com\/comunitat-valenciana\/2023\/12\/01\/el-servigroup-benidorm-se-quiere-amarrar-a-la-copa-principe-radio-benidorm\/\" target=\"_blank\" rel=\"noopener\"><b>PREVIA <\/b><\/a><b>| <\/b><a href=\"https:\/\/cadenaser.com\/comunitat-valenciana\/2023\/12\/03\/el-cv-playas-de-benidorm-sigue-sonando-con-irse-de-copas-radio-benidorm\/\" target=\"_blank\" rel=\"noopener\"><b>CR\u00d3NICA<\/b><\/a><\/p>   <p>Gran Canaria &#8211; Medsur-Finestrat <b>1-3<\/b> (18-25\/25-18\/12-25\/19-25) | <a href=\"https:\/\/cadenaser.com\/comunitat-valenciana\/2023\/12\/01\/el-servigroup-benidorm-se-quiere-amarrar-a-la-copa-principe-radio-benidorm\/\" target=\"_blank\" rel=\"noopener\"><b>PREVIA <\/b><\/a><b>| <\/b><a href=\"https:\/\/cadenaser.com\/comunitat-valenciana\/2023\/12\/03\/el-cv-playas-de-benidorm-sigue-sonando-con-irse-de-copas-radio-benidorm\/\" target=\"_blank\" rel=\"noopener\"><b>CR\u00d3NICA<\/b><\/a><\/p>   <p><b>J10 9\/12\/2023<\/b><\/p>   <p>Servigroup Benidorm \u2013 Almorad\u00ed <a href=\"https:\/\/cadenaser.com\/comunitat-valenciana\/2023\/12\/07\/el-club-voleibol-playas-de-benidorm-despide-2023-en-el-raul-mesa-sonando-con-la-copa-radio-benidorm\/\" target=\"_blank\" rel=\"noopener\"><b>PREVIA <\/b><\/a><b>| CR\u00d3NICA<\/b> | 19:30 hrs<\/p>   <p>HolaCV-Benidorm \u2013 X\u00e0tiva <a href=\"https:\/\/cadenaser.com\/comunitat-valenciana\/2023\/12\/07\/el-club-voleibol-playas-de-benidorm-despide-2023-en-el-raul-mesa-sonando-con-la-copa-radio-benidorm\/\" target=\"_blank\" rel=\"noopener\"><b>PREVIA <\/b><\/a><b>| CR\u00d3NICA <\/b>| 17:00 hrs<\/p>   <p>Medsur-Finestrat \u2013 Universitat d\u2019Alacant <a href=\"https:\/\/cadenaser.com\/comunitat-valenciana\/2023\/12\/07\/el-club-voleibol-playas-de-benidorm-despide-2023-en-el-raul-mesa-sonando-con-la-copa-radio-benidorm\/\" target=\"_blank\" rel=\"noopener\"><b>PREVIA <\/b><\/a><b>| CR\u00d3NICA <\/b>| 12:30 hrs (10\/12\/23)<\/p>   <p><b>J11 16\/12\/2023<\/b><\/p>   <p>Utrera &#8211; Servigroup Benidorm | 12:00 hrs (17\/12\/23)<\/p>   <p>Grau Elite &#8211; HolaCV-Benidorm | 17:00 hrs<\/p>   <p>X\u00e0tiva &#8211; Medsur-Finestrat | 20:00 hrs<\/p>   <p><b>Segunda vuelta<\/b><\/p>   <p><b>J12 20\/1\/2024<\/b><\/p>   <p>Almer\u00eda &#8211; Servigroup Benidorm | 19:30 hrs<\/p>   <p>Medusr-Finestrat &#8211; HolaCV-Benidorm | 12:30 hrs<\/p>   <p><b>J13 27\/1\/2024<\/b><\/p>   <p>Servigroup Benidorm \u2013 Legan\u00e9s | 17:00 hrs<\/p>   <p>HolaCV-Benidorm \u2013 Cartagena | 19:30 hrs<\/p>   <p>Gu\u00eda &#8211; Medsur-Finestrat | 18:30 hrs<\/p>   <p><b>J14 3\/2\/2024<\/b><\/p>   <p>Madrid &#8211; Servigroup Benidorm | 10:30 hrs<\/p>   <p>Gu\u00eda &#8211; HolaCV-Benidorm | 18:30 hrs<\/p>   <p>Medsur-Finestrat \u2013 Madrid Chamber\u00ed | 12:30 hrs (4\/2\/24)<\/p>   <p><b>J15 10\/2\/2024<\/b><\/p>   <p>Servigroup Benidorm &#8211; Alarc\u00f3n | 19:30 hrs<\/p>   <p>HolaCV-Benidorm \u2013 Mairena V\u00f3ley | 17:00 hrs<\/p>   <p>Atarfe &#8211; Medsur-Finestrat | 18:00 hrs<\/p>   <p><b>J16 17\/2\/2024<\/b><\/p>   <p>Collado Villalba &#8211; Servigroup Benidorm | 19:45 hrs<\/p>   <p>Madrid-Chamber\u00ed &#8211; HolaCV-Benidorm | 19:30 hrs<\/p>   <p>Medsur-Finestrat \u2013 Sant Joan | 12:30 hrs (18\/2\/24)<\/p>   <p><b>J17 24\/2\/2024<\/b><\/p>   <p>Servigroup Benidorm \u2013 Suac Canarias | 19:30 hrs<\/p>   <p>HolaCV-Benidorm \u2013 Gran Canaria | 17:00 hrs<\/p>   <p>Grau Elite &#8211; Medsur-Finestrat | 17:00 hrs<\/p>   <p><b>J18 3\/3\/2024<\/b><\/p>   <p>Pinto &#8211; Servigroup Benidorm | 17:00 hrs<\/p>   <p>Atarfe &#8211; HolaCV-Benidorm | 18:00 hrs<\/p>   <p>Medsur-Finestrat \u2013 Cartagena | 12:30 hrs<\/p>   <p><b>J19 9\/3\/2024<\/b><\/p>   <p>Servigroup Benidorm &#8211; Judesa | 19:30 hrs<\/p>   <p>HolaCV-Benidorm \u2013 Universitat d\u2019Alacant | 17:00 hrs<\/p>   <p>Mairena V\u00f3ley &#8211; Medsur-Finestrat | 20:00 hrs<\/p>   <p><b>J20 16\/3\/2024<\/b><\/p>   <p>Costa V\u00f3ley &#8211; Servigroup Benidorm | 18:00 hrs<\/p>   <p>Sant Joan &#8211; HolaCV-Benidorm | 12:00 hrs (17\/3\/24)<\/p>   <p>Medsur-Finestrat \u2013 Gran Canaria | 12:30 hrs (17\/3\/24)<\/p>   <p><b>J21 23\/3\/2024<\/b><\/p>   <p>Almorad\u00ed &#8211; Servigroup Benidorm | 17:30 hrs<\/p>   <p>X\u00e0tiva &#8211; HolaCV-Benidorm | 17:30 hrs<\/p>   <p>Universitat d\u2019Alacant &#8211; Medsur-Finestrat | 18:00 hrs<\/p>   <p><b>J22 6\/4\/2024<\/b><\/p>   <p>Servigroup Benidorm &#8211; Utrera | 17:00 hrs<\/p>   <p>HolaCV-Benidorm \u2013 Grau Elite | 19:30 hrs<\/p>   <p>Medsur-Finestrat \u2013 X\u00e0tiva | 19:30 hrs<\/p>   <p><u><b>Copa Comunitat 2023<\/b><\/u><\/p>   <p><b>Final femenina 23\/9\/2023<\/b><\/p>   <p>HolaCV-Benidorm &#8211; X\u00e0tiva | <b>3-2 <\/b>(22-25, 25-13, 23-25, 25-11, 15-11) <a href=\"https:\/\/cadenaser.com\/comunitat-valenciana\/2023\/09\/29\/el-holacv-benidorm-busca-en-valencia-su-primer-titulo-de-la-temporada-radio-benidorm\/\" target=\"_blank\" rel=\"noopener\"><b>PREVIA<\/b><\/a> | <a href=\"https:\/\/cadenaser.com\/comunitat-valenciana\/2023\/10\/02\/el-holacv-benidorm-reedita-la-copa-comunitat-y-pone-la-directa-hacia-la-superliga-2-radio-benidorm\/\" target=\"_blank\" rel=\"noopener\"><b>CR\u00d3NICA<\/b><\/a><\/p>   <p><b>Semifinal femenina<\/b><\/p>   <p>HolaCV-Benidorm &#8211; Medsur-Finestrat <b>3-0<\/b> (25-17, 25-15, 25-20) <a href=\"https:\/\/cadenaser.com\/comunitat-valenciana\/2023\/09\/19\/la-semifinal-de-la-copa-comunitat-entre-benidorm-y-finestrat-se-jugara-en-el-raul-mesa-radio-benidorm\/\" target=\"_blank\" rel=\"noopener\"><b>PREVIA<\/b><\/a><b> | <\/b><a href=\"https:\/\/cadenaser.com\/comunitat-valenciana\/2023\/09\/24\/el-hola-cv-benidorm-arrolla-al-medsur-finestrat-y-peleara-por-la-copa-comunitat-radio-benidorm\/\" target=\"_blank\" rel=\"noopener\"><b>CR\u00d3NICA<\/b><\/a><\/p>   <p><b>Cuartos de final masculinos<\/b><\/p>   <p>UPV-Conqueridor Val\u00e8ncia &#8211; Servigroup Benidorm <b>3-1<\/b> (26-24\/25-23\/24-26\/25-22) | <a href=\"https:\/\/cadenaser.com\/comunitat-valenciana\/2023\/09\/18\/la-copa-comunitat-de-voleibol-depara-el-primer-derbi-comarcal-de-la-temporada-radio-benidorm\/\" target=\"_blank\" rel=\"noopener\"><b>CR\u00d3NICA<\/b><\/a><\/p>   <p><b>Cuartos de final femeninos<\/b><\/p>   <p>Sedav\u00ed &#8211; HolaCV-Benidorm <b>0-3<\/b> (24-26\/14-25\/15-25) | <a href=\"https:\/\/cadenaser.com\/comunitat-valenciana\/2023\/09\/18\/la-copa-comunitat-de-voleibol-depara-el-primer-derbi-comarcal-de-la-temporada-radio-benidorm\/\" target=\"_blank\" rel=\"noopener\"><b>CR\u00d3NICA<\/b><\/a><\/p>   <p>Grau de Casell\u00f3n &#8211; Medsur-Finestrat <b>1-3<\/b> (21-25, 25-17, 17-25, 12-25) | <a href=\"https:\/\/cadenaser.com\/comunitat-valenciana\/2023\/09\/15\/finestrat-pasa-a-semifinales-de-la-copa-comunitat-de-voleibol-donde-podria-haber-pleno-de-la-marina-baixa-radio-benidorm\/\" target=\"_blank\" rel=\"noopener\"><b>CR\u00d3NICA<\/b><\/a><\/p> ","protected":false},"excerpt":{"rendered":"<p>Los dos equipos del Club Voleibol Playas de Benidorm y el Medsur-Finestrat disputar\u00e1n este a\u00f1o la Superliga 2<\/p>\n","protected":false},"author":0,"featured_media":1445,"comment_status":"open","ping_status":"open","sticky":false,"template":"","format":"standard","meta":{"_acf_changed":false,"footnotes":""},"categories":[16],"tags":[],"class_list":["post-1444","post","type-post","status-publish","format-standard","has-post-thumbnail","hentry","category-deportes"],"acf":{"ser_id":"3FW7M6N465ALJKF47XLZZKQYLY","ser_url":"https:\/\/cadenaser.com\/comunitat-valenciana\/2023\/09\/21\/todos-los-partidos-los-horarios-y-los-resultados-del-voleibol-2023-2024-radio-benidorm\/"},"_links":{"self":[{"href":"https:\/\/serbenidorm.daliisolutions.com\/index.php\/wp-json\/wp\/v2\/posts\/1444","targetHints":{"allow":["GET"]}}],"collection":[{"href":"https:\/\/serbenidorm.daliisolutions.com\/index.php\/wp-json\/wp\/v2\/posts"}],"about":[{"href":"https:\/\/serbenidorm.daliisolutions.com\/index.php\/wp-json\/wp\/v2\/types\/post"}],"replies":[{"embeddable":true,"href":"https:\/\/serbenidorm.daliisolutions.com\/index.php\/wp-json\/wp\/v2\/comments?post=1444"}],"version-history":[{"count":0,"href":"https:\/\/serbenidorm.daliisolutions.com\/index.php\/wp-json\/wp\/v2\/posts\/1444\/revisions"}],"wp:featuredmedia":[{"embeddable":true,"href":"https:\/\/serbenidorm.daliisolutions.com\/index.php\/wp-json\/wp\/v2\/media\/1445"}],"wp:attachment":[{"href":"https:\/\/serbenidorm.daliisolutions.com\/index.php\/wp-json\/wp\/v2\/media?parent=1444"}],"wp:term":[{"taxonomy":"category","embeddable":true,"href":"https:\/\/serbenidorm.daliisolutions.com\/index.php\/wp-json\/wp\/v2\/categories?post=1444"},{"taxonomy":"post_tag","embeddable":true,"href":"https:\/\/serbenidorm.daliisolutions.com\/index.php\/wp-json\/wp\/v2\/tags?post=1444"}],"curies":[{"name":"wp","href":"https:\/\/api.w.org\/{rel}","templated":true}]}}