{"id":14442,"date":"2025-04-23T16:02:02","date_gmt":"2025-04-23T14:02:02","guid":{"rendered":"https:\/\/serbenidorm.daliisolutions.com\/index.php\/2025\/04\/23\/escritores-y-librerias-de-benidorm-se-reivindican-en-el-dia-del-libro\/"},"modified":"2025-04-23T16:02:02","modified_gmt":"2025-04-23T14:02:02","slug":"escritores-y-librerias-de-benidorm-se-reivindican-en-el-dia-del-libro","status":"publish","type":"post","link":"https:\/\/serbenidorm.daliisolutions.com\/index.php\/2025\/04\/23\/escritores-y-librerias-de-benidorm-se-reivindican-en-el-dia-del-libro\/","title":{"rendered":"Escritores y librer\u00edas de Benidorm se reivindican en el D\u00eda del Libro"},"content":{"rendered":"  <p><div data-adtype=\"MLDB\"><\/div><\/p>   <p>Benidorm<\/p>   <p>Rose Polo, Eva Maestre, Isabel P\u00e9rez Aranda, Raquel L\u00f3pez, Leonor Fuentes o Mari \u00c1ngeles Vergara son solo algunos nombres de escritoras que pueden ser m\u00e1s o menos conocidas, pero detr\u00e1s de las cuales se esconden historias por las que apuestan peque\u00f1as editoriales y, principalmente, las librer\u00edas de Benidorm.<\/p>   <p>Autoras locales que tienen en las calles de su ciudad el mejor expositor para dar a conocer sus obras, ya sean narrativas o po\u00e9ticas, y que aseguran que no pasa en todos los sitios: \u00abNos encantar\u00eda que otras librer\u00edas hiciesen lo mismo, en Alicante que por ejemplo es una gran ciudad no se apoya a los escritores independientes\u00bb, cuenta Eva Maestre.<\/p>   <p>Eva ha escrito seis libros. El \u00faltimo es \u00abPoemas para quererte\u00bb y recoge una serie de cartas a las partes de su cuerpo con las que ayudar a mejorar su autoestima. Tambi\u00e9n para contribuir al bienestar personal Rose Polo ha escrito \u00abSexualmente sanando\u00bb: \u00abY estamos celebrando aqu\u00ed Sant Jordi animando a las personas a que tengan m\u00e1s h\u00e1bito de leer y en mi caso creando conciencia sobre este estilo de vida\u00bb.<\/p>   <p><div class=\"c-mul-sc\"><div id=\"player-1745415629176\" class=\"c-player-audio\"><button class=\"bt-play\" data-audioid=\"1745415629176\" data-type=\"aod\" data-accountname=\"playser\"><\/button><div class=\"c-copiado\"><p>El c\u00f3digo iframe se ha copiado en el portapapeles<\/p><\/div><div class=\"d-audio\"><p class=\"tit\"><\/p><div class=\"b-pro\"><span class=\"progreso\"><\/span><\/div><div class=\"c-times\"><span class=\"t-progreso\">00:00:00<\/span><span class=\"t-total-audio\">00:00<\/span><\/div><\/div><button class=\"bt-op\"><\/button><div class=\"c-opciones c-comun\"><button class=\"bt-share\">Compartir<\/button><button class=\"bt-close\">Cerrar<\/button><\/div><div class=\"c-opciones c-share\"><button class=\"bt-fb\" data-ssnn=\"facebook\" data-url=\"https:\/\/cadenaser.com\/comunitat-valenciana\/2025\/04\/23\/escritores-y-librerias-de-benidorm-se-reivindican-en-el-dia-del-libro-radio-benidorm\/\">Facebook<\/button><button class=\"bt-tw\" data-ssnn=\"twitter\" data-url=\"https:\/\/cadenaser.com\/comunitat-valenciana\/2025\/04\/23\/escritores-y-librerias-de-benidorm-se-reivindican-en-el-dia-del-libro-radio-benidorm\/\">Twitter<\/button><button class=\"bt-li\" data-ssnn=\"linkedin\" data-url=\"https:\/\/cadenaser.com\/comunitat-valenciana\/2025\/04\/23\/escritores-y-librerias-de-benidorm-se-reivindican-en-el-dia-del-libro-radio-benidorm\/\">Linkedin<\/button><button class=\"bt-wh\" data-ssnn=\"whatsapp\" data-url=\"https:\/\/cadenaser.com\/comunitat-valenciana\/2025\/04\/23\/escritores-y-librerias-de-benidorm-se-reivindican-en-el-dia-del-libro-radio-benidorm\/\">WhatsApp<\/button><button class=\"bt-close\">Cerrar<\/button><\/div><\/div><\/div><\/p>   <p>Eva y Rose se encuentran frente a la <a href=\"https:\/\/cadenaser.com\/tag\/benidorm\/a\/\" target=\"_blank\">Librer\u00eda Ulises, en la c\u00e9ntrica calle Tom\u00e1s Ortu\u00f1o<\/a>, junto a un altar improvisado en que se acumulan ejemplares y rodas. Tras el mostrador Paqui que celebra c\u00f3mo la iniciativa de reunirlas en este D\u00eda del Libro ha animado las visitas y las ventas durante toda la ma\u00f1ana: \u00abLa librer\u00eda tiene ahora mucha competencia con los libros digitales, aunque los que son muy lectores siguen apostando por el papel esto hace da\u00f1o y se nota\u00bb, cuenta preguntada por la tendencia de los \u00faltimos a\u00f1os en su tienda.<\/p>   <p>Seg\u00fan los datos del \u201cMercado del Libro en Espa\u00f1a 2024\u201d de la consultora GfK las librer\u00edas f\u00edsicas contin\u00faan todav\u00eda siendo el canal de compra m\u00e1s habitual y el precio medio ronda los 15 euros, un 4% m\u00e1s que el a\u00f1o anterior.<\/p>   <p>II Feria del Libro en Villajoyosa<\/p>   <p>La Vila Joiosa celebra este mi\u00e9rcoles la segunda edici\u00f3n de su Feria del Libro. Esta tarde en la calle Col\u00f3n, entre m\u00e1s de 40 expositores, estar\u00e1 la finalista del premio Planeta 2024 Susi Rosa Egea, con la que hemos hablado en<a href=\"https:\/\/cadenaser.com\/tag\/comarca_la_marina_baixa\/a\/\" target=\"_blank\"> Hoy por Hoy Benidorm<\/a> y que ha querido agradecer el apoyo vecinal que ha recibido desde antes incluso de estar nominada a este importante galard\u00f3n. Junto con la exposici\u00f3n y venta de libros y c\u00f3mics, se ofrecer\u00e1n cuentacuentos para los m\u00e1s peque\u00f1os y se impartir\u00e1n talleres de manualidades.<\/p> ","protected":false},"excerpt":{"rendered":"<p>Las ventas f\u00edsicas contin\u00faan siendo el canal m\u00e1s habitual a pesar de la creciente competencia y los autores locales lo agradecen<\/p>\n","protected":false},"author":0,"featured_media":14443,"comment_status":"open","ping_status":"open","sticky":false,"template":"","format":"standard","meta":{"_acf_changed":false,"footnotes":""},"categories":[1],"tags":[],"class_list":["post-14442","post","type-post","status-publish","format-standard","has-post-thumbnail","hentry","category-sin-categoria"],"acf":{"ser_id":"57QCXJGYDVF3DDZIKLUQGCHFNM","ser_url":"https:\/\/cadenaser.com\/comunitat-valenciana\/2025\/04\/23\/escritores-y-librerias-de-benidorm-se-reivindican-en-el-dia-del-libro-radio-benidorm\/"},"_links":{"self":[{"href":"https:\/\/serbenidorm.daliisolutions.com\/index.php\/wp-json\/wp\/v2\/posts\/14442","targetHints":{"allow":["GET"]}}],"collection":[{"href":"https:\/\/serbenidorm.daliisolutions.com\/index.php\/wp-json\/wp\/v2\/posts"}],"about":[{"href":"https:\/\/serbenidorm.daliisolutions.com\/index.php\/wp-json\/wp\/v2\/types\/post"}],"replies":[{"embeddable":true,"href":"https:\/\/serbenidorm.daliisolutions.com\/index.php\/wp-json\/wp\/v2\/comments?post=14442"}],"version-history":[{"count":0,"href":"https:\/\/serbenidorm.daliisolutions.com\/index.php\/wp-json\/wp\/v2\/posts\/14442\/revisions"}],"wp:featuredmedia":[{"embeddable":true,"href":"https:\/\/serbenidorm.daliisolutions.com\/index.php\/wp-json\/wp\/v2\/media\/14443"}],"wp:attachment":[{"href":"https:\/\/serbenidorm.daliisolutions.com\/index.php\/wp-json\/wp\/v2\/media?parent=14442"}],"wp:term":[{"taxonomy":"category","embeddable":true,"href":"https:\/\/serbenidorm.daliisolutions.com\/index.php\/wp-json\/wp\/v2\/categories?post=14442"},{"taxonomy":"post_tag","embeddable":true,"href":"https:\/\/serbenidorm.daliisolutions.com\/index.php\/wp-json\/wp\/v2\/tags?post=14442"}],"curies":[{"name":"wp","href":"https:\/\/api.w.org\/{rel}","templated":true}]}}