{"id":14444,"date":"2025-04-23T16:02:03","date_gmt":"2025-04-23T14:02:03","guid":{"rendered":"https:\/\/serbenidorm.daliisolutions.com\/index.php\/2025\/04\/23\/los-detalles-del-nuevo-contrato-de-parques-de-benidorm-105-millones-por-cinco-anos-e-incluir-el-moralet\/"},"modified":"2025-04-23T16:02:03","modified_gmt":"2025-04-23T14:02:03","slug":"los-detalles-del-nuevo-contrato-de-parques-de-benidorm-105-millones-por-cinco-anos-e-incluir-el-moralet","status":"publish","type":"post","link":"https:\/\/serbenidorm.daliisolutions.com\/index.php\/2025\/04\/23\/los-detalles-del-nuevo-contrato-de-parques-de-benidorm-105-millones-por-cinco-anos-e-incluir-el-moralet\/","title":{"rendered":"Los detalles del nuevo contrato de parques de Benidorm: 10,5 millones por cinco a\u00f1os e incluir El Moralet"},"content":{"rendered":"  <p><div data-adtype=\"MLDB\"><\/div><\/p>   <p>Benidorm<\/p>   <p>El pleno del Ayuntamiento de Benidorm aprobar\u00e1 el pr\u00f3ximo lunes el inicio de la licitaci\u00f3n del contrato de mantenimiento de los parques y jardines de la ciudad, seg\u00fan figura en la propuesta que elevar\u00e1 el concejal del \u00e1rea, Jos\u00e9 Ram\u00f3n Gonz\u00e1lez de Z\u00e1rate.<\/p>   <p>En la misma se establece que el presupuesto base de licitaci\u00f3n asciende a 10.578.956,43 euros y que la duraci\u00f3n prevista del contrato de servicio es de cinco a\u00f1os, que se considera \u201cel periodo necesario para la amortizaci\u00f3n de toda la maquinaria y veh\u00edculos necesarios para la prestaci\u00f3n del servicio\u201d, seg\u00fan ha se\u00f1alado el concejal. En ese sentido, se han contabilizado maquinaria y veh\u00edculos propios de jardiner\u00eda y limpieza, as\u00ed como el personal operario y t\u00e9cnico para desarrollar los trabajos.<\/p>  <p><p>M\u00e1s informaci\u00f3n<\/p><figure><img loading=\"lazy\" decoding=\"async\" src=\"https:\/\/cadenaser.com\/resizer\/v2\/WEQRUGHAQZGBTEANZXQSX2YC64.jpg?auth=ab4b816408f4a35441a942607ead1b68b133c9516597e741b004cdbaf0adec06&amp;quality=70&amp;width=360&amp;height=202&amp;smart=true\" width=\"820\" height=\"621\" \/><\/figure><ul><li><a href=\"https:\/\/cadenaser.com\/comunitat-valenciana\/2025\/04\/23\/escritores-y-librerias-de-benidorm-se-reivindican-en-el-dia-del-libro-radio-benidorm\/\"><span>Escritores y librer\u00edas de Benidorm se reivindican en el D\u00eda del Libro<\/span><\/a><\/li><\/ul><\/p>   <p>Uno de los aspectos m\u00e1s significativos del nuevo contrato es la incorporaci\u00f3n del mantenimiento del parque urbano de El Moralet, que supone un incremento de 74,44 hect\u00e1reas a la superficie de parques y jardines existente en el municipio.<\/p>   <p>Gonz\u00e1lez de Z\u00e1rate ha indicado que la intenci\u00f3n de la Concejal\u00eda es \u201caumentar la calidad del servicio de mantenimiento, apostando por la introducci\u00f3n de mejoras en el pliego de cl\u00e1usulas administrativas que incrementen el m\u00ednimo de medios propuestos y, en especial, lograr un mantenimiento correcto del parque de El Moralet\u201d.<\/p>   <p>Con la inclusi\u00f3n en el servicio del pulm\u00f3n verde de El Moralet, la superficie total sujeta al contrato es de 1.738.718\u201959 metros cuadrados, frente a los algo menos de 830.000 que se recog\u00edan en el anterior contrato. As\u00ed, los espacios verdes objeto de conservaci\u00f3n y mantenimiento son los parques urbanos, zonas ajardinadas, arbolado viario, jardineras, estructuras florales, colegios p\u00fablicos, espacios verdes viarios, labores de jardiner\u00eda ef\u00edmera, parques periurbanos, jardiner\u00eda de todas las zonas deportivas y dem\u00e1s zonas municipales dotadas y habilitadas como espacios verdes, incluyendo las correspondientes a los dos cementerios municipales.<\/p>   <p>Entre los acuerdos que adoptar\u00e1 el pleno el lunes tambi\u00e9n se encuentra la aprobaci\u00f3n de un gasto por importe de 685.904,05 euros que tendr\u00edan como fin el pago del \u00faltimo cuatrimestre de este a\u00f1o una vez adjudicado el servicio.<\/p>   <p>Criterios de adjudicaci\u00f3n<\/p>   <p>En cuanto a los criterios de adjudicaci\u00f3n, la mesa de contrataci\u00f3n valorar\u00e1 con un m\u00e1ximo de 45 puntos los criterios de calidad \u201ccon evaluaci\u00f3n por juicio de valor\u201d y con un m\u00e1ximo de 55 los criterios con evaluaci\u00f3n matem\u00e1tica. En este apartado, el importe anual destinado a inversiones ser\u00e1 valorado con un m\u00e1ximo de 12,50 puntos; la bolsa de horas para el mantenimiento de El Moralet tendr\u00e1 una puntuaci\u00f3n m\u00e1xima de 7,50 puntos y la oferta econ\u00f3mica presentada por las empresas podr\u00e1 alcanzar una valoraci\u00f3n m\u00e1xima de 35 puntos.<\/p> ","protected":false},"excerpt":{"rendered":"<p>Tras un a\u00f1o caducado<\/p>\n","protected":false},"author":0,"featured_media":14445,"comment_status":"open","ping_status":"open","sticky":false,"template":"","format":"standard","meta":{"_acf_changed":false,"footnotes":""},"categories":[1],"tags":[],"class_list":["post-14444","post","type-post","status-publish","format-standard","has-post-thumbnail","hentry","category-sin-categoria"],"acf":{"ser_id":"QJP4RK3EXNFALI3EYEUYPVV2SQ","ser_url":"https:\/\/cadenaser.com\/comunitat-valenciana\/2025\/04\/23\/los-detalles-del-nuevo-contrato-de-parques-de-benidorm-105-millones-por-cinco-anos-e-incluir-el-moralet-radio-benidorm\/"},"_links":{"self":[{"href":"https:\/\/serbenidorm.daliisolutions.com\/index.php\/wp-json\/wp\/v2\/posts\/14444","targetHints":{"allow":["GET"]}}],"collection":[{"href":"https:\/\/serbenidorm.daliisolutions.com\/index.php\/wp-json\/wp\/v2\/posts"}],"about":[{"href":"https:\/\/serbenidorm.daliisolutions.com\/index.php\/wp-json\/wp\/v2\/types\/post"}],"replies":[{"embeddable":true,"href":"https:\/\/serbenidorm.daliisolutions.com\/index.php\/wp-json\/wp\/v2\/comments?post=14444"}],"version-history":[{"count":0,"href":"https:\/\/serbenidorm.daliisolutions.com\/index.php\/wp-json\/wp\/v2\/posts\/14444\/revisions"}],"wp:featuredmedia":[{"embeddable":true,"href":"https:\/\/serbenidorm.daliisolutions.com\/index.php\/wp-json\/wp\/v2\/media\/14445"}],"wp:attachment":[{"href":"https:\/\/serbenidorm.daliisolutions.com\/index.php\/wp-json\/wp\/v2\/media?parent=14444"}],"wp:term":[{"taxonomy":"category","embeddable":true,"href":"https:\/\/serbenidorm.daliisolutions.com\/index.php\/wp-json\/wp\/v2\/categories?post=14444"},{"taxonomy":"post_tag","embeddable":true,"href":"https:\/\/serbenidorm.daliisolutions.com\/index.php\/wp-json\/wp\/v2\/tags?post=14444"}],"curies":[{"name":"wp","href":"https:\/\/api.w.org\/{rel}","templated":true}]}}