{"id":14448,"date":"2025-04-23T16:02:05","date_gmt":"2025-04-23T14:02:05","guid":{"rendered":"https:\/\/serbenidorm.daliisolutions.com\/index.php\/2025\/04\/23\/especial-camino-al-ascenso-el-servigroup-playas-de-benidorm-viaja-ya-a-leganes\/"},"modified":"2025-04-23T16:02:05","modified_gmt":"2025-04-23T14:02:05","slug":"especial-camino-al-ascenso-el-servigroup-playas-de-benidorm-viaja-ya-a-leganes","status":"publish","type":"post","link":"https:\/\/serbenidorm.daliisolutions.com\/index.php\/2025\/04\/23\/especial-camino-al-ascenso-el-servigroup-playas-de-benidorm-viaja-ya-a-leganes\/","title":{"rendered":"Especial \u2018Camino al ascenso\u2019: El Servigroup Playas de Benidorm viaja ya a Legan\u00e9s"},"content":{"rendered":"  <p><div data-adtype=\"MLDB\"><\/div><\/p>   <p>Benidorm<\/p>   <p>Con el ascenso como destino final, el equipo masculino del Club Voleibol Playas de Benidorm ha partido este mi\u00e9rcoles hacia Legan\u00e9s donde a partir de ma\u00f1ana jueves los de Adriano Lamb se jugar\u00e1n toda su temporada en una fase de ascenso en la que han quedado encuadrados en un grupo en el que tendr\u00e1n como rivales iniciales al Arona (jueves, 17:00 horas) y al Bar\u00e7a (viernes, 17:00 horas).<\/p>   <p>De esos tres equipos, s\u00f3lo dos conseguir\u00e1n el pase a las semifinales que, ya el s\u00e1bado, deparar\u00e1n los cruces con los dos primeros clasificados del otro grupo, en el que militar\u00e1n el Textil Santanderina, L\u2019Illa Grau y el anfitri\u00f3n, Legan\u00e9s.<\/p>   <p>Junto a la expedici\u00f3n del Club Voleibol Playas de Benidorm viaja tambi\u00e9n el equipo de deportes de Radio Benidorm-Cadena SER, que protagonizar\u00e1 una programaci\u00f3n especial durante toda la fase de ascenso y que ha comenzado esta misma tarde con un SER Deportivos-Marina Baixa en la que junto al coordinador de la entidad del pabell\u00f3n Ra\u00fal Mesa, Ram\u00f3n Gonz\u00e1lez, tambi\u00e9n han participado el entrenador que estuvo al frente del banquillo del equipo femenino que hace dos a\u00f1os se enfrent\u00f3 a este mismo reto, Nacho Madaleno, y una leyenda de los banquillos del v\u00f3ley local y nacional como Pedro Lanero.<\/p>   <p>Todos ellos han coincidido en las buenas sensaciones que, hasta el momento, ha venido dando el equipo de Adriano Lamb y, por lo tanto, con las grandes expectativas con las que desembarcar\u00e1n esta misma tarde en Legan\u00e9s.<\/p> ","protected":false},"excerpt":{"rendered":"<p>Escucha la programaci\u00f3n especial de SER Deportivos Marina Baixa desde Legan\u00e9s<\/p>\n","protected":false},"author":0,"featured_media":14449,"comment_status":"open","ping_status":"open","sticky":false,"template":"","format":"standard","meta":{"_acf_changed":false,"footnotes":""},"categories":[16],"tags":[],"class_list":["post-14448","post","type-post","status-publish","format-standard","has-post-thumbnail","hentry","category-deportes"],"acf":{"ser_id":"3ULIDOLBPJBCJI6BR7RYIL4S2A","ser_url":"https:\/\/cadenaser.com\/comunitat-valenciana\/2025\/04\/23\/especial-camino-al-ascenso-el-servigroup-playas-de-benidorm-viaja-ya-a-leganes-radio-benidorm\/"},"_links":{"self":[{"href":"https:\/\/serbenidorm.daliisolutions.com\/index.php\/wp-json\/wp\/v2\/posts\/14448","targetHints":{"allow":["GET"]}}],"collection":[{"href":"https:\/\/serbenidorm.daliisolutions.com\/index.php\/wp-json\/wp\/v2\/posts"}],"about":[{"href":"https:\/\/serbenidorm.daliisolutions.com\/index.php\/wp-json\/wp\/v2\/types\/post"}],"replies":[{"embeddable":true,"href":"https:\/\/serbenidorm.daliisolutions.com\/index.php\/wp-json\/wp\/v2\/comments?post=14448"}],"version-history":[{"count":0,"href":"https:\/\/serbenidorm.daliisolutions.com\/index.php\/wp-json\/wp\/v2\/posts\/14448\/revisions"}],"wp:featuredmedia":[{"embeddable":true,"href":"https:\/\/serbenidorm.daliisolutions.com\/index.php\/wp-json\/wp\/v2\/media\/14449"}],"wp:attachment":[{"href":"https:\/\/serbenidorm.daliisolutions.com\/index.php\/wp-json\/wp\/v2\/media?parent=14448"}],"wp:term":[{"taxonomy":"category","embeddable":true,"href":"https:\/\/serbenidorm.daliisolutions.com\/index.php\/wp-json\/wp\/v2\/categories?post=14448"},{"taxonomy":"post_tag","embeddable":true,"href":"https:\/\/serbenidorm.daliisolutions.com\/index.php\/wp-json\/wp\/v2\/tags?post=14448"}],"curies":[{"name":"wp","href":"https:\/\/api.w.org\/{rel}","templated":true}]}}