{"id":14479,"date":"2025-04-24T16:32:55","date_gmt":"2025-04-24T14:32:55","guid":{"rendered":"https:\/\/serbenidorm.daliisolutions.com\/index.php\/2025\/04\/24\/especial-camino-al-ascenso-te-contamos-las-ultimas-sensaciones-del-servigroup-playas-de-benidorm-a-una-hora-de-su-primer-partido\/"},"modified":"2025-04-24T16:32:55","modified_gmt":"2025-04-24T14:32:55","slug":"especial-camino-al-ascenso-te-contamos-las-ultimas-sensaciones-del-servigroup-playas-de-benidorm-a-una-hora-de-su-primer-partido","status":"publish","type":"post","link":"https:\/\/serbenidorm.daliisolutions.com\/index.php\/2025\/04\/24\/especial-camino-al-ascenso-te-contamos-las-ultimas-sensaciones-del-servigroup-playas-de-benidorm-a-una-hora-de-su-primer-partido\/","title":{"rendered":"Especial \u2018Camino al ascenso\u2019: Te contamos las \u00faltimas sensaciones del Servigroup Playas de Benidorm a una hora de su primer partido"},"content":{"rendered":"  <p><div data-adtype=\"MLDB\"><\/div><\/p>   <p>Legan\u00e9s<\/p>   <p>S\u00f3lo una hora antes de afrontar el primer partido de esta fase de ascenso a la m\u00e1xima categor\u00eda del voleibol nacional, jugadores y t\u00e9cnicos del Servigroup Playas de Benidorm han pasado por el set de Radio Benidorm-SER en Legan\u00e9s para transmitir a Benidorm y al resto de la Marina Baixa su ilusi\u00f3n y su optimismo de cara a conseguir un logro que ser\u00eda hist\u00f3rico: meter, por primera vez, a un equipo de la comarca en la Superliga Masculina.<\/p>   <p>El primer partido, ante el Arona, arrancar\u00e1 a las 17:00 horas del jueves y se puede ver en directo aqu\u00ed:<\/p>   <p><div class=\"oembed youtube\"><iframe loading=\"lazy\" width=\"560\" height=\"315\" src=\"https:\/\/www.youtube.com\/embed\/_az0aalGcDk?feature=oembed\" frameborder=\"0\" allow=\"accelerometer; autoplay; clipboard-write; encrypted-media; gyroscope; picture-in-picture; web-share\" allowfullscreen title=\"Fase Final de Superliga Masculina 2 | FASE DE GRUPOS \ud83c\udfd0\ud83d\udcaa\ud83c\udffd 24\/04\/2025 JUEVES TARDE\"><\/iframe><\/div><\/p> ","protected":false},"excerpt":{"rendered":"<p>Escucha la programaci\u00f3n especial de SER Deportivos Marina Baixa desde Legan\u00e9s<\/p>\n","protected":false},"author":0,"featured_media":14480,"comment_status":"open","ping_status":"open","sticky":false,"template":"","format":"standard","meta":{"_acf_changed":false,"footnotes":""},"categories":[1],"tags":[],"class_list":["post-14479","post","type-post","status-publish","format-standard","has-post-thumbnail","hentry","category-sin-categoria"],"acf":{"ser_id":"2CQHTLTZLJB7DMHGMDJ3PZMXOY","ser_url":"https:\/\/cadenaser.com\/comunitat-valenciana\/2025\/04\/24\/especial-camino-al-ascenso-te-contamos-las-ultimas-sensaciones-del-servigroup-playas-de-benidorm-a-una-hora-de-su-primer-partido-radio-benidorm\/"},"_links":{"self":[{"href":"https:\/\/serbenidorm.daliisolutions.com\/index.php\/wp-json\/wp\/v2\/posts\/14479","targetHints":{"allow":["GET"]}}],"collection":[{"href":"https:\/\/serbenidorm.daliisolutions.com\/index.php\/wp-json\/wp\/v2\/posts"}],"about":[{"href":"https:\/\/serbenidorm.daliisolutions.com\/index.php\/wp-json\/wp\/v2\/types\/post"}],"replies":[{"embeddable":true,"href":"https:\/\/serbenidorm.daliisolutions.com\/index.php\/wp-json\/wp\/v2\/comments?post=14479"}],"version-history":[{"count":0,"href":"https:\/\/serbenidorm.daliisolutions.com\/index.php\/wp-json\/wp\/v2\/posts\/14479\/revisions"}],"wp:featuredmedia":[{"embeddable":true,"href":"https:\/\/serbenidorm.daliisolutions.com\/index.php\/wp-json\/wp\/v2\/media\/14480"}],"wp:attachment":[{"href":"https:\/\/serbenidorm.daliisolutions.com\/index.php\/wp-json\/wp\/v2\/media?parent=14479"}],"wp:term":[{"taxonomy":"category","embeddable":true,"href":"https:\/\/serbenidorm.daliisolutions.com\/index.php\/wp-json\/wp\/v2\/categories?post=14479"},{"taxonomy":"post_tag","embeddable":true,"href":"https:\/\/serbenidorm.daliisolutions.com\/index.php\/wp-json\/wp\/v2\/tags?post=14479"}],"curies":[{"name":"wp","href":"https:\/\/api.w.org\/{rel}","templated":true}]}}