{"id":14481,"date":"2025-04-24T16:32:58","date_gmt":"2025-04-24T14:32:58","guid":{"rendered":"https:\/\/serbenidorm.daliisolutions.com\/index.php\/2025\/04\/24\/esta-es-la-fecha-del-cupon-que-la-once-va-a-dedicar-a-benidorm-por-su-700-aniversario\/"},"modified":"2025-04-24T16:32:58","modified_gmt":"2025-04-24T14:32:58","slug":"esta-es-la-fecha-del-cupon-que-la-once-va-a-dedicar-a-benidorm-por-su-700-aniversario","status":"publish","type":"post","link":"https:\/\/serbenidorm.daliisolutions.com\/index.php\/2025\/04\/24\/esta-es-la-fecha-del-cupon-que-la-once-va-a-dedicar-a-benidorm-por-su-700-aniversario\/","title":{"rendered":"Esta es la fecha del cup\u00f3n que la ONCE va a dedicar a Benidorm por su 700 aniversario"},"content":{"rendered":"  <p><div data-adtype=\"MLDB\"><\/div><\/p>   <p>Benidorm<\/p>   <p>Si un hecho no aparece en un cup\u00f3n en el pa\u00eds de la ONCE, no forma parte tangencial de la historia. As\u00ed lo ha asegurado al menos el director de la Organizaci\u00f3n Nacional de Ciegos de Espa\u00f1a en Benidorm y las Marinas Vicente V\u00e1zquez al presentar el especial para conmemorar el 700 Aniversario de la fundaci\u00f3n de Benidorm.<\/p>   <p><a href=\"https:\/\/cadenaser.com\/tag\/benidorm\/a\/\" target=\"_blank\">El cup\u00f3n del 6 de mayo refleja una panor\u00e1mica de la ciudad tomada desde la Serra Gelada<\/a> e incluye el logotipo oficial del aniversario dise\u00f1ado para los actos conmemorativos y que emplea una tipograf\u00eda inspirada en la utilizada en la Carta de Poblament benidorm\u00ed.<\/p>  <p><p>M\u00e1s informaci\u00f3n<\/p><figure><img loading=\"lazy\" decoding=\"async\" src=\"https:\/\/cadenaser.com\/resizer\/v2\/MA5W64N53VG57MUOASOTN66ZUM.jpg?auth=1f3cd092688687baab6e7462c615838f53fe3ebc4055ad41ea6601565326e746&amp;quality=70&amp;width=360&amp;height=202&amp;smart=true\" width=\"820\" height=\"621\" \/><\/figure><ul><li><a href=\"https:\/\/cadenaser.com\/comunitat-valenciana\/2025\/04\/24\/el-reggaeton-beach-festival-vuelve-a-benidorm-fechas-lugar-y-primeros-artistas-confirmados-radio-benidorm\/\"><span>El Reggaeton Beach Festival vuelve a Benidorm: fechas, lugar y primeros artistas confirmados<\/span><\/a><\/li><\/ul><\/p>   <p>El boleto ha sido presentado esta ma\u00f1ana y se prev\u00e9 que pueda llevar esta imagen de Benidorm a m\u00e1s de 5 millones de hogares a trav\u00e9s de los  20.000 vendedores de la organizaci\u00f3n que a partir de hoy han comenzado ya a distribuirlo.<\/p>   <p>Asimismo, el acto ha servido para que los representantes de la ONCE entreguen al alcalde, Toni P\u00e9rez, un primer ejemplar de la Carta de Poblament traducido al braille, para que pueda ser le\u00edda tambi\u00e9n por personas con discapacidad visual. \u201cBenidorm tiene una alianza con la ONCE desde hace muchos a\u00f1os, en lo importante, que es hacer una ciudad lo m\u00e1s accesible posible, persiguiendo esa accesibilidad universal en toda la ciudad y todos los servicios que prestamos\u201d ha se\u00f1alado P\u00e9rez quien tambi\u00e9n ha trasladado que con este cup\u00f3n \u201cestamos escribiendo una peque\u00f1a p\u00e1gina m\u00e1s dentro de  esta gran historia que atesora Benidorm, que se inici\u00f3 el 8 de mayo de 1325 cuando el Almirall Bernat de Sarri\u00e0 da carta de naturaleza con la fundaci\u00f3n de Benidorm\u201d.<\/p>   <p>Por su parte, la directora provincial de la ONCE en Alicante, Estela Medina, ha manifestado que la emisi\u00f3n de este cup\u00f3n conmemorativo es  \u201cuna forma de agradecer a Benidorm y a su Ayuntamiento el gran trabajo que vienen realizando siempre al lado de las personas que tenemos alg\u00fan tipo de discapacidad y en favor de la inclusi\u00f3n, la accesibilidad y la colaboraci\u00f3n\u201d con los distintos colectivos de la discapacidad.<\/p> ","protected":false},"excerpt":{"rendered":"<p>\u00ab38,1 kil\u00f3metros cuadrados en 64 cent\u00edmetros cuadrados\u00bb<\/p>\n","protected":false},"author":0,"featured_media":14482,"comment_status":"open","ping_status":"open","sticky":false,"template":"","format":"standard","meta":{"_acf_changed":false,"footnotes":""},"categories":[1],"tags":[],"class_list":["post-14481","post","type-post","status-publish","format-standard","has-post-thumbnail","hentry","category-sin-categoria"],"acf":{"ser_id":"RADE2OIEAJDEPG4GP2ZVZEDV5U","ser_url":"https:\/\/cadenaser.com\/comunitat-valenciana\/2025\/04\/24\/esta-es-la-fecha-del-cupon-que-la-once-va-a-dedicar-a-benidorm-por-su-700-aniversario-radio-benidorm\/"},"_links":{"self":[{"href":"https:\/\/serbenidorm.daliisolutions.com\/index.php\/wp-json\/wp\/v2\/posts\/14481","targetHints":{"allow":["GET"]}}],"collection":[{"href":"https:\/\/serbenidorm.daliisolutions.com\/index.php\/wp-json\/wp\/v2\/posts"}],"about":[{"href":"https:\/\/serbenidorm.daliisolutions.com\/index.php\/wp-json\/wp\/v2\/types\/post"}],"replies":[{"embeddable":true,"href":"https:\/\/serbenidorm.daliisolutions.com\/index.php\/wp-json\/wp\/v2\/comments?post=14481"}],"version-history":[{"count":0,"href":"https:\/\/serbenidorm.daliisolutions.com\/index.php\/wp-json\/wp\/v2\/posts\/14481\/revisions"}],"wp:featuredmedia":[{"embeddable":true,"href":"https:\/\/serbenidorm.daliisolutions.com\/index.php\/wp-json\/wp\/v2\/media\/14482"}],"wp:attachment":[{"href":"https:\/\/serbenidorm.daliisolutions.com\/index.php\/wp-json\/wp\/v2\/media?parent=14481"}],"wp:term":[{"taxonomy":"category","embeddable":true,"href":"https:\/\/serbenidorm.daliisolutions.com\/index.php\/wp-json\/wp\/v2\/categories?post=14481"},{"taxonomy":"post_tag","embeddable":true,"href":"https:\/\/serbenidorm.daliisolutions.com\/index.php\/wp-json\/wp\/v2\/tags?post=14481"}],"curies":[{"name":"wp","href":"https:\/\/api.w.org\/{rel}","templated":true}]}}