{"id":14483,"date":"2025-04-24T16:32:58","date_gmt":"2025-04-24T14:32:58","guid":{"rendered":"https:\/\/serbenidorm.daliisolutions.com\/index.php\/2025\/04\/24\/subir-52-pisos-y-924-escalones-en-menos-de-cinco-minutos-asi-es-la-prueba-que-reune-en-benidorm-a-atletas-de-elite-de-todo-el-mundo\/"},"modified":"2025-04-24T16:32:58","modified_gmt":"2025-04-24T14:32:58","slug":"subir-52-pisos-y-924-escalones-en-menos-de-cinco-minutos-asi-es-la-prueba-que-reune-en-benidorm-a-atletas-de-elite-de-todo-el-mundo","status":"publish","type":"post","link":"https:\/\/serbenidorm.daliisolutions.com\/index.php\/2025\/04\/24\/subir-52-pisos-y-924-escalones-en-menos-de-cinco-minutos-asi-es-la-prueba-que-reune-en-benidorm-a-atletas-de-elite-de-todo-el-mundo\/","title":{"rendered":"Subir 52 pisos y 924 escalones en menos de cinco minutos: as\u00ed es la prueba que re\u00fane en Benidorm a atletas de \u00e9lite de todo el mundo"},"content":{"rendered":"  <p><div data-adtype=\"MLDB\"><\/div><\/p>   <p>Benidorm<\/p>   <p>Este pr\u00f3ximo s\u00e1bado 26 de abril se celebrar\u00e1 la XIX edici\u00f3n de la \u2018Subida Vertical al Gran Hotel Bali\u2019, una de las pruebas cl\u00e1sicas del circuito mundial de \u2018Towerrunning World Association\u2019, que ya tiene cubierto el cupo m\u00e1ximo de inscripciones. La carrera se ha presentado esta ma\u00f1ana en una rueda de prensa en el Ayuntamiento con la presencia del concejal de Deportes, Javier Jord\u00e1; el director de la prueba, Miquel Tortosa; y la directora del hotel Bali, Silvia Cort\u00e9s.<\/p>   <p>Es la octava ocasi\u00f3n consecutiva que la prueba se incluye en el calendario del circuito internacional. Con sus 52 pisos, 924 escalones y 190 metros de desnivel, \u201cla subida de escaleras se ha convertido en uno de los referentes de la especialidad a nivel mundial\u201d ha afirmado Jord\u00e1. En esta ocasi\u00f3n tomar\u00e1n parte en la misma un total de 500 deportistas en las tres categor\u00edas posibles: Bomberos equipados, con m\u00e1s de 130 inscritos, Open y \u00c9lite.<\/p>   <p>En la categor\u00eda \u00c9lite participar\u00e1n m\u00e1s de 30 atletas que son habituales del circuito mundial Towerrunning procedentes de pa\u00edses como Espa\u00f1a, Italia, Alemania, Rep\u00fablica Checa, Canad\u00e1, M\u00e9xico, Eslovaquia, Croacia, Inglaterra, Polonia o Austria. <\/p>  <p><p>M\u00e1s informaci\u00f3n<\/p><figure><img loading=\"lazy\" decoding=\"async\" src=\"https:\/\/cadenaser.com\/resizer\/v2\/NXPW5BJO25C47POWZX3W4AXKZQ.JPG?auth=5b182407a2fc863ab9ee30cffd3da8957046437e2a9268d8e028537baf2d255a&amp;quality=70&amp;width=360&amp;height=202&amp;smart=true\" width=\"820\" height=\"621\" \/><\/figure><ul><li><a href=\"https:\/\/cadenaser.com\/comunitat-valenciana\/2025\/04\/22\/el-servigroup-playas-de-benidorm-inicia-la-semana-mas-grande-de-su-historia-radio-benidorm\/\"><span>El Servigroup Playas de Benidorm inicia la semana m\u00e1s grande de su historia<\/span><\/a><\/li><\/ul><\/p>   <p>De hecho, hay siete inscritos que figuran en el top-10 de la clasificaci\u00f3n mundial, seg\u00fan ha precisado Miquel Tortosa, \u201cy es lo mismo en la categor\u00eda femenina\u201d ha apuntado. Se han establecido m\u00e1s de 3.000 euros en premios en met\u00e1lico y una prima en el caso de que se superen los records de la carrera.<\/p>   <p>Las mejores marcas<\/p>   <p>As\u00ed, en categor\u00eda masculina, la mejor marca la ostenta Christian Riedle, quien en la edici\u00f3n de 2018 detuvo el cron\u00f3metro en 4\u201920\u201d. Por otro lado, en la categor\u00eda femenina el record de la carrera lo tiene Suzy Walsham, que registr\u00f3 un tiempo de 5\u201931\u201d en la edici\u00f3n de 2019.<\/p>   <p>El concejal de Deportes ha afirmado que se trata \u201cde un acontecimiento \u00fanico en Espa\u00f1a\u201d y que es \u201cuna prueba que est\u00e1 ya muy consolidada en Benidorm\u201d, mientras que el director Miquel Tortosa precisaba que la carrera \u201csigue creciendo y batiendo records de participaci\u00f3n\u201d.<\/p>   <p>Por su parte, Silvia Cort\u00e9s ha dicho que para el hotel es \u201cun orgullo celebrar y acoger esta Subida, que nos trae muy buenos momentos, fomenta el deporte y contribuye a que la ciudad sea referente internacional\u201d.<\/p>   <p>La primera carrera, la de bomberos equipados, dar\u00e1 comienzo a las diez de la ma\u00f1ana y los participantes ir\u00e1n saliendo de cuatro en cuatro en intervalos de 30 segundos. A las 11.00 comenzar\u00e1 la categor\u00eda Open, con salida de cuatro en cuatro y cada 30 segundos. A las 12.05 ser\u00e1 la salida de la categor\u00eda \u00c9lite femenino y a las 12.20 la de \u00c9lite masculino. En estos casos los atletas saldr\u00e1n de uno en uno y con intervalos de 30 segundos. La informaci\u00f3n sobre los horarios de los participantes se puede encontrar en el enlace <a href=\"https:\/\/www.cronorunner.com\/extras\/horarios_Bali_2025.pdf\">https:\/\/www.cronorunner.com\/extras\/horarios_Bali_2025.pdf<\/a><\/p> ","protected":false},"excerpt":{"rendered":"<p>La \u2018Subida Vertical al Gran Hotel Bali\u2019 cumple su XIX edici\u00f3n<\/p>\n","protected":false},"author":0,"featured_media":14484,"comment_status":"open","ping_status":"open","sticky":false,"template":"","format":"standard","meta":{"_acf_changed":false,"footnotes":""},"categories":[1],"tags":[],"class_list":["post-14483","post","type-post","status-publish","format-standard","has-post-thumbnail","hentry","category-sin-categoria"],"acf":{"ser_id":"533U6W3KONCRBLH6LZNBNYOZDI","ser_url":"https:\/\/cadenaser.com\/comunitat-valenciana\/2025\/04\/24\/subir-52-pisos-y-924-escalones-en-menos-de-cinco-minutos-asi-es-la-prueba-que-reune-en-benidorm-a-atletas-de-elite-de-todo-el-mundo-radio-benidorm\/"},"_links":{"self":[{"href":"https:\/\/serbenidorm.daliisolutions.com\/index.php\/wp-json\/wp\/v2\/posts\/14483","targetHints":{"allow":["GET"]}}],"collection":[{"href":"https:\/\/serbenidorm.daliisolutions.com\/index.php\/wp-json\/wp\/v2\/posts"}],"about":[{"href":"https:\/\/serbenidorm.daliisolutions.com\/index.php\/wp-json\/wp\/v2\/types\/post"}],"replies":[{"embeddable":true,"href":"https:\/\/serbenidorm.daliisolutions.com\/index.php\/wp-json\/wp\/v2\/comments?post=14483"}],"version-history":[{"count":0,"href":"https:\/\/serbenidorm.daliisolutions.com\/index.php\/wp-json\/wp\/v2\/posts\/14483\/revisions"}],"wp:featuredmedia":[{"embeddable":true,"href":"https:\/\/serbenidorm.daliisolutions.com\/index.php\/wp-json\/wp\/v2\/media\/14484"}],"wp:attachment":[{"href":"https:\/\/serbenidorm.daliisolutions.com\/index.php\/wp-json\/wp\/v2\/media?parent=14483"}],"wp:term":[{"taxonomy":"category","embeddable":true,"href":"https:\/\/serbenidorm.daliisolutions.com\/index.php\/wp-json\/wp\/v2\/categories?post=14483"},{"taxonomy":"post_tag","embeddable":true,"href":"https:\/\/serbenidorm.daliisolutions.com\/index.php\/wp-json\/wp\/v2\/tags?post=14483"}],"curies":[{"name":"wp","href":"https:\/\/api.w.org\/{rel}","templated":true}]}}