{"id":14485,"date":"2025-04-24T16:32:59","date_gmt":"2025-04-24T14:32:59","guid":{"rendered":"https:\/\/serbenidorm.daliisolutions.com\/index.php\/2025\/04\/24\/el-reggaeton-beach-festival-vuelve-a-benidorm-fechas-lugar-y-primeros-artistas-confirmados\/"},"modified":"2025-04-24T16:32:59","modified_gmt":"2025-04-24T14:32:59","slug":"el-reggaeton-beach-festival-vuelve-a-benidorm-fechas-lugar-y-primeros-artistas-confirmados","status":"publish","type":"post","link":"https:\/\/serbenidorm.daliisolutions.com\/index.php\/2025\/04\/24\/el-reggaeton-beach-festival-vuelve-a-benidorm-fechas-lugar-y-primeros-artistas-confirmados\/","title":{"rendered":"El Reggaeton Beach Festival vuelve a Benidorm: fechas, lugar y primeros artistas confirmados"},"content":{"rendered":"  <p><div data-adtype=\"MLDB\"><\/div><\/p>   <p>Benidorm<\/p>   <p>El Reggaeton Beach Festival (RBF) vuelve a Benidorm los pr\u00f3ximos 5 y 6 de julio\u00a0para celebrar su sexta edici\u00f3n\u00a0consecutiva en el Estadio Deportivo Guillermo Amor, el recinto que lo ha visto crecer desde el primer a\u00f1o, seg\u00fan ha anunciado este jueves la organizaci\u00f3n.<\/p>   <p>Entre los primeros artistas confirmados para este a\u00f1o se encuentran<a href=\"https:\/\/cadenaser.com\/tag\/benidorm\/a\/\" target=\"_blank\"> Chencho Corleone, Hades66, Luar La L, Noriel\u00a0, Omar Courtz y Raul Clyde<\/a>\u00a0que ofrecer\u00e1n \u00abpotentes  actuaciones sobre un escenario completamente renovado\u00bb. Pr\u00f3ximamente se sumar\u00e1n nuevos nombres que completar\u00e1n un cartel de nivel internacional con m\u00e1s de diez conciertos de grandes figuras del panorama urbano global.<\/p>  <p><p>M\u00e1s informaci\u00f3n<\/p><figure><img loading=\"lazy\" decoding=\"async\" src=\"https:\/\/cadenaser.com\/resizer\/v2\/PWAXSUXAXBCBNKIFVOVQIHY644.jpg?auth=7b278f7b3e2a942249785bda0e5e4fa3c66f3afa21eb9a073c348c4068a55b6c&amp;quality=70&amp;width=360&amp;height=202&amp;smart=true\" width=\"820\" height=\"621\" \/><\/figure><ul><li><a href=\"https:\/\/cadenaser.com\/comunitat-valenciana\/2025\/04\/24\/subir-52-pisos-y-924-escalones-en-menos-de-cinco-minutos-asi-es-la-prueba-que-reune-en-benidorm-a-atletas-de-elite-de-todo-el-mundo-radio-benidorm\/\"><span>Subir 52 pisos y 924 escalones en menos de cinco minutos: as\u00ed es la prueba que re\u00fane en Benidorm a atletas de \u00e9lite de todo el mundo<\/span><\/a><\/li><\/ul><\/p>   <p>Este 2025 RBF Benidorm presenta el nuevo Super Stage, un escenario descubierto con m\u00e1s de 200m\u00b2 de superficie en su punta, m\u00e1s pantallas, m\u00e1s efectos y m\u00e1s espect\u00e1culo. El montaje incluye m\u00e1s de 220 equipos de iluminaci\u00f3n, 80 efectos especiales, 20 ca\u00f1ones de CO\u2082, 26 m\u00e1quinas de fuego, l\u00e1seres de 30W, 7.200 kg de confeti\u00a0y un show de ca\u00f1ones de agua que \u00abconvertir\u00e1 el recinto en una aut\u00e9ntica fiesta sin descanso\u00bb.<\/p>   <p>Adem\u00e1s del escenario, el festival incorpora m\u00faltiples novedades que transforman el recinto en un espacio de entretenimiento integral. Las atracciones acu\u00e1ticas como el tobog\u00e1n XXL, la pasarela deslizante\u00a0o la piscina de v\u00f3ley\u00a0convierten el calor en parte de la experiencia. Actividades como la tabla de surf mec\u00e1nica, el f\u00fatbol humano, el futbol\u00edn humano\u00a0y muchas m\u00e1s completan una oferta dise\u00f1ada para disfrutar al m\u00e1ximo durante todo el d\u00eda.<\/p>   <p>Zona VIP<\/p>   <p>La edici\u00f3n 2025 tambi\u00e9n renueva por completo su Zona VIP, que ahora se extiende a ambos lados del escenario. Cada zona incluye una  tarima elevada con sombra, Front Stage VIP, zona de maquillaje, food trucks premium, lavabos y barras exclusivas, acceso Fast Pass y espacios chillout con nebulizaci\u00f3n. Para quienes buscan una  experiencia de m\u00e1ximo nivel, las Mesas VIP\u00a0ofrecen servicio a mesa, acceso exclusivo, merchandising, reacceso durante los dos d\u00edas y un tour backstage, entre otros beneficios.<\/p>   <p>\u00bfC\u00f3mo llegar?<\/p>   <p>El recinto cuenta con m\u00faltiples accesos tanto en transporte  p\u00fablico como en veh\u00edculo privado. Los asistentes podr\u00e1n llegar mediante las l\u00edneas de autob\u00fas L1, L8 y L13\u00a0(a 5 minutos caminando), el TRAM\u00a0(a 12 minutos), o en coche a trav\u00e9s de las v\u00edas N-332, CV-70 y AP-7. Adem\u00e1s, Benidorm ofrece una de las zonas de  ocio y restauraci\u00f3n m\u00e1s completas del levante espa\u00f1ol, a menos de 20 minutos del recinto.<\/p> ","protected":false},"excerpt":{"rendered":"<p>Este cl\u00e1sico del verano re\u00fane a miles de j\u00f3venes en la ciudad<\/p>\n","protected":false},"author":0,"featured_media":14486,"comment_status":"open","ping_status":"open","sticky":false,"template":"","format":"standard","meta":{"_acf_changed":false,"footnotes":""},"categories":[1],"tags":[],"class_list":["post-14485","post","type-post","status-publish","format-standard","has-post-thumbnail","hentry","category-sin-categoria"],"acf":{"ser_id":"IP3WAEL6AJCBXO2XL73QWAW4UA","ser_url":"https:\/\/cadenaser.com\/comunitat-valenciana\/2025\/04\/24\/el-reggaeton-beach-festival-vuelve-a-benidorm-fechas-lugar-y-primeros-artistas-confirmados-radio-benidorm\/"},"_links":{"self":[{"href":"https:\/\/serbenidorm.daliisolutions.com\/index.php\/wp-json\/wp\/v2\/posts\/14485","targetHints":{"allow":["GET"]}}],"collection":[{"href":"https:\/\/serbenidorm.daliisolutions.com\/index.php\/wp-json\/wp\/v2\/posts"}],"about":[{"href":"https:\/\/serbenidorm.daliisolutions.com\/index.php\/wp-json\/wp\/v2\/types\/post"}],"replies":[{"embeddable":true,"href":"https:\/\/serbenidorm.daliisolutions.com\/index.php\/wp-json\/wp\/v2\/comments?post=14485"}],"version-history":[{"count":0,"href":"https:\/\/serbenidorm.daliisolutions.com\/index.php\/wp-json\/wp\/v2\/posts\/14485\/revisions"}],"wp:featuredmedia":[{"embeddable":true,"href":"https:\/\/serbenidorm.daliisolutions.com\/index.php\/wp-json\/wp\/v2\/media\/14486"}],"wp:attachment":[{"href":"https:\/\/serbenidorm.daliisolutions.com\/index.php\/wp-json\/wp\/v2\/media?parent=14485"}],"wp:term":[{"taxonomy":"category","embeddable":true,"href":"https:\/\/serbenidorm.daliisolutions.com\/index.php\/wp-json\/wp\/v2\/categories?post=14485"},{"taxonomy":"post_tag","embeddable":true,"href":"https:\/\/serbenidorm.daliisolutions.com\/index.php\/wp-json\/wp\/v2\/tags?post=14485"}],"curies":[{"name":"wp","href":"https:\/\/api.w.org\/{rel}","templated":true}]}}