{"id":1449,"date":"2024-01-16T13:33:57","date_gmt":"2024-01-16T12:33:57","guid":{"rendered":"https:\/\/serbenidorm.daliisolutions.com\/index.php\/2024\/01\/16\/empieza-la-quinta-fase-de-la-excavacion-del-yacimiento-de-la-villa-romana-de-lalbir\/"},"modified":"2024-01-16T13:33:57","modified_gmt":"2024-01-16T12:33:57","slug":"empieza-la-quinta-fase-de-la-excavacion-del-yacimiento-de-la-villa-romana-de-lalbir","status":"publish","type":"post","link":"https:\/\/serbenidorm.daliisolutions.com\/index.php\/2024\/01\/16\/empieza-la-quinta-fase-de-la-excavacion-del-yacimiento-de-la-villa-romana-de-lalbir\/","title":{"rendered":"Empieza la quinta fase de la excavaci\u00f3n del yacimiento de la Villa Romana de l\u2019Albir"},"content":{"rendered":"  <p>L&#8217;Alf\u00e0s del Pi<\/p>   <p>Arranca en El Albir la ampliaci\u00f3n del \u00e1rea visitable del yacimiento de la Villa Romana. El Ayuntamiento de l\u2019Alf\u00e0s del Pi y la Universidad de Alicante han iniciado ya la <a href=\"https:\/\/cadenaser.com\/tag\/lalfas_del_pi\/a\/\" target=\"_blank\" rel=\"noopener\">excavaci\u00f3n y restauraci\u00f3n de los restos encontrados en el sector cinco<\/a>. <\/p>   <p>La arque\u00f3loga municipal y directora del Museo, Carolina Fr\u00edas, ha destacado en la presentaci\u00f3n del proyecto celebrada este martes que el objeto de los trabajos es \u00abun centro de producci\u00f3n agr\u00edcola que se va a musealizar y se va a crear una aplicaci\u00f3n tecnol\u00f3gica para que se pueda visitar\u00bb.<\/p>   <p>Ha comenzado ahora la excavaci\u00f3n, pero es entre marzo y junio de 2022, explica la arque\u00f3loga, cuando se llev\u00f3 a cabo un sondeo mec\u00e1nico en el extremo m\u00e1s oriental de la parcela arqueol\u00f3gica de la Villa Romana de l\u2019Albir, parte del yacimiento conocida como el Sector V, encontr\u00e1ndose los restos arqueol\u00f3gicos de una superficie de mortero de cal, lo que se interpreta como la base de un <i>torcularium.<\/i><\/p>  <p><p>M\u00e1s informaci\u00f3n<\/p><figure><img decoding=\"async\" src=\"https:\/\/cadenaser.com\/resizer\/9b9AW29zl_bOtlylCnFRs1N6gT0=\/650x366\/filters:quality(70)\/cloudfront-eu-central-1.images.arcpublishing.com\/prisaradio\/NROKXEXDURGK7GCCKBTQMCPZ6A.jpg\" loading=\"lazy\" width=\"828\" height=\"621\" \/><\/figure><ul><li><a href=\"https:\/\/cadenaser.com\/comunitat-valenciana\/2024\/01\/10\/una-asociacion-ultracatolica-se-enfrenta-a-la-comunidad-educativa-de-lalfas-del-pi-por-unos-cursos-sobre-igualdad-radio-benidorm\/\">Una asociaci\u00f3n ultracat\u00f3lica se enfrenta a la comunidad educativa de l\u2019Alf\u00e0s del Pi por unos cursos sobre Igualdad<\/a><\/li><\/ul><\/p>   <p>Esta hip\u00f3tesis se apoya por la localizaci\u00f3n, en campa\u00f1as anteriores, de un contrapeso y del <i>area<\/i>de una prensa de aceite, adem\u00e1s de fragmentos de <i>dolia<\/i>que podr\u00edan estar destinados al almacenaje del aceite. <\/p>   <p>Una estructura situada al este del patio y de las termas, que formar\u00eda parte de la <i>pars rustica<\/i>del asentamiento.  Este tipo de instalaciones industriales, desarrolla Fr\u00edas, indican el car\u00e1cter comercial de la actividad agr\u00edcola desarrollada en la villa de l\u2019Albir, por lo que su excavaci\u00f3n resulta fundamental para el an\u00e1lisis econ\u00f3mico y comercial del <i>ager<\/i>de la ciudad romana de <i>Allon <\/i>(La Vila Joiosa) al que pertenec\u00eda el yacimiento.<\/p>   <p>Una inversi\u00f3n de 242.000 euros<\/p>   <p>El proyecto cuenta con una inversi\u00f3n de 242.000 euros incluida en el Plan Provincial de la Diputaci\u00f3n Provincial de Alicante, que aporta 217.000 euros , y cuyo plazo de ejecuci\u00f3n estimado es de cuatro meses y medio.<\/p>   <p>El alcalde de l&#8217;Alf\u00e0s del Pi Vicente Arques ha querido destacar en este sentido el apoyo recibido desde el primer momento por parte de todas las administraciones: local, provincial y auton\u00f3mica, a la gesti\u00f3n y puesta en valor del patrimonio.<\/p>   <p>Centro Azul para la Villa Romana de l\u2019Albir desde 2021<\/p>   <p>En 1979 unas obras pr\u00f3ximas a la playa de l\u2019Albir sacaron a la luz los restos \u00f3seos de un enterramiento de \u00e9poca romana. Durante los a\u00f1os ochenta y noventa del siglo XX las excavaciones arqueol\u00f3gicas descubrieron un yacimiento de una gran riqueza patrimonial y cient\u00edfica formado por una extensa necr\u00f3polis, un mausoleo y una villa. <\/p>   <p>Todo el conjunto se ha datado entre los siglos IV a VII d.C. En 2008 el Ayuntamiento de l\u2019Alf\u00e0s del Pi, en colaboraci\u00f3n con la Universidad de Alicante, retom\u00f3 los trabajos arqueol\u00f3gicos con el fin de recuperar uno de los yacimientos m\u00e1s significativos de la provincia de Alicante, convirti\u00e9ndose en el primer Museo al Aire Libre de la Comunidad Valenciana, inaugurado en marzo de 2011.<\/p> ","protected":false},"excerpt":{"rendered":"<p>Se ampliar\u00e1 el \u00e1rea visitable del museo al aire libre<\/p>\n","protected":false},"author":0,"featured_media":1450,"comment_status":"open","ping_status":"open","sticky":false,"template":"","format":"standard","meta":{"_acf_changed":false,"footnotes":""},"categories":[1],"tags":[],"class_list":["post-1449","post","type-post","status-publish","format-standard","has-post-thumbnail","hentry","category-sin-categoria"],"acf":{"ser_id":"O62AQ57D6JFSZMEEXJWR4MKJ6Y","ser_url":"https:\/\/cadenaser.com\/comunitat-valenciana\/2024\/01\/16\/empieza-la-quinta-fase-de-la-excavacion-del-yacimiento-de-la-villa-romana-de-lalbir-radio-benidorm\/"},"_links":{"self":[{"href":"https:\/\/serbenidorm.daliisolutions.com\/index.php\/wp-json\/wp\/v2\/posts\/1449","targetHints":{"allow":["GET"]}}],"collection":[{"href":"https:\/\/serbenidorm.daliisolutions.com\/index.php\/wp-json\/wp\/v2\/posts"}],"about":[{"href":"https:\/\/serbenidorm.daliisolutions.com\/index.php\/wp-json\/wp\/v2\/types\/post"}],"replies":[{"embeddable":true,"href":"https:\/\/serbenidorm.daliisolutions.com\/index.php\/wp-json\/wp\/v2\/comments?post=1449"}],"version-history":[{"count":0,"href":"https:\/\/serbenidorm.daliisolutions.com\/index.php\/wp-json\/wp\/v2\/posts\/1449\/revisions"}],"wp:featuredmedia":[{"embeddable":true,"href":"https:\/\/serbenidorm.daliisolutions.com\/index.php\/wp-json\/wp\/v2\/media\/1450"}],"wp:attachment":[{"href":"https:\/\/serbenidorm.daliisolutions.com\/index.php\/wp-json\/wp\/v2\/media?parent=1449"}],"wp:term":[{"taxonomy":"category","embeddable":true,"href":"https:\/\/serbenidorm.daliisolutions.com\/index.php\/wp-json\/wp\/v2\/categories?post=1449"},{"taxonomy":"post_tag","embeddable":true,"href":"https:\/\/serbenidorm.daliisolutions.com\/index.php\/wp-json\/wp\/v2\/tags?post=1449"}],"curies":[{"name":"wp","href":"https:\/\/api.w.org\/{rel}","templated":true}]}}