{"id":14509,"date":"2025-04-25T11:03:34","date_gmt":"2025-04-25T09:03:34","guid":{"rendered":"https:\/\/serbenidorm.daliisolutions.com\/index.php\/2025\/04\/25\/mas-de-4-500-penistas-de-benidorm-celebran-su-acampada-programa-transporte-y-aparcamientos\/"},"modified":"2025-04-25T11:03:34","modified_gmt":"2025-04-25T09:03:34","slug":"mas-de-4-500-penistas-de-benidorm-celebran-su-acampada-programa-transporte-y-aparcamientos","status":"publish","type":"post","link":"https:\/\/serbenidorm.daliisolutions.com\/index.php\/2025\/04\/25\/mas-de-4-500-penistas-de-benidorm-celebran-su-acampada-programa-transporte-y-aparcamientos\/","title":{"rendered":"M\u00e1s de 4.500 pe\u00f1istas de Benidorm celebran su Acampada: programa, transporte y aparcamientos"},"content":{"rendered":"  <p><div data-adtype=\"MLDB\"><\/div><\/p>   <p>Benidorm<\/p>   <p>Unos 4.500 pe\u00f1istas se van a dar cita este fin de semana en los terrenos de V\u00eda Parque, en la avenida Juan Pablo II, para celebrar la Acampada 2025, el mig any festero de Benidorm. Seg\u00fan los datos facilitados por la <a href=\"https:\/\/cadenaser.com\/tag\/benidorm\/a\/\" target=\"_blank\" rel=\"nofollow\" title=\"https:\/\/cadenaser.com\/tag\/benidorm\/a\/\">Associaci\u00f3 de Penyes &#8216;Verge del Sofratge&#8217;<\/a> este a\u00f1o se han inscrito un total de 208 pe\u00f1as que ocupar\u00e1n casi 300 parcelas.<\/p>   <p>El recinto de la Acampada se abrir\u00e1 el viernes, d\u00eda 25, a partir de las 08.00 horas y a lo largo de todo el fin de semana contar\u00e1 con actuaciones musicales y de dj\u2019s, juegos hinchables para los m\u00e1s peque\u00f1os y otras actividades organizadas tanto por la propia Associaci\u00f3 como por distintas pe\u00f1as a t\u00edtulo individual, con el objetivo de asegurar la diversi\u00f3n de todos los participantes. <\/p>  <p><p>M\u00e1s informaci\u00f3n<\/p><figure><img loading=\"lazy\" decoding=\"async\" src=\"https:\/\/cadenaser.com\/resizer\/v2\/4ZHLWQGEQRF57B7BO7MPG6Y4SY.jpg?auth=a278b873e91f1b1d5a41194f48627ba2cc9ba23cb58b0c13af5b3bbcc49f70d3&amp;quality=70&amp;width=360&amp;height=202&amp;smart=true\" width=\"820\" height=\"621\" \/><\/figure><ul><li><a href=\"https:\/\/cadenaser.com\/comunitat-valenciana\/2025\/04\/24\/esta-es-la-fecha-del-cupon-que-la-once-va-a-dedicar-a-benidorm-por-su-700-aniversario-radio-benidorm\/\"><span>Esta es la fecha del cup\u00f3n que la ONCE va a dedicar a Benidorm por su 700 aniversario<\/span><\/a><\/li><\/ul><\/p>   <p>Para facilitar los accesos y la movilidad de las personas que se desplacen para este evento, el Ayuntamiento ha dise\u00f1ado un dispositivo espec\u00edfico, que incluir\u00e1 una parada especial de taxis delante del recinto, servicio especial de Polic\u00eda Local, as\u00ed como dos grandes \u00e1reas para el aparcamiento de veh\u00edculos: una junto al recinto y otra enfrente del mismo, cuyas entradas y salidas se se\u00f1alizar\u00e1n debidamente para que sean visibles para los conductores. <\/p>   <p>Asimismo, desde el Consistorio se recuerda que, como en a\u00f1os anteriores, est\u00e1 prohibido estacionar veh\u00edculos en las aceras de la avenida as\u00ed como en toda la parte frontal del recinto, reservada para las paradas especiales de bus y taxi y los veh\u00edculos de Polic\u00eda Local o servicios sanitarios y de emergencias, pudi\u00e9ndose proceder a la retirada mediante gr\u00faa de coches, ciclomotores o motocicletas que est\u00e9n estacionados de forma indebida. <\/p>   <p>Asimismo, dentro de los preparativos del recinto, tambi\u00e9n se han habilitado puntos de luz y agua, los m\u00f3dulos de aseos y otros servicios, a la vez que se han aplicado tratamientos fitosanitarios en toda la parcela, se ha desbrozado vegetaci\u00f3n y se ha procedido al levantamiento de arbolado m\u00e1s bajo, con el objetivo de garantizar la seguridad y facilitar el tr\u00e1nsito de personas. <\/p>   <p>Prohibido hacer fuego<\/p>   <p>Desde las concejal\u00edas de Fiestas y Medio Ambiente han recordado que, como en a\u00f1os anteriores, no se puede hacer fuego ni en el suelo ni en barbacoas, ni tampoco se pueden utilizar planchas el\u00e9ctricas. S\u00f3lo est\u00e1 permitido el uso de gas. Igualmente, tambi\u00e9n solicitan la colaboraci\u00f3n de los pe\u00f1istas para que \u201cal t\u00e9rmino de la Acampada el recinto quede totalmente limpio y libre de residuos, deposit\u00e1ndose toda la basura en los contenedores instalados en la zona de acceso a la Acampada\u201d.<\/p>   <p>Por otro lado, para reforzar la labor de concienciaci\u00f3n sobre el consumo responsable de alcohol y evitar su consumo en menores de edad, un a\u00f1o m\u00e1s la Unidad de Prevenci\u00f3n Comunitaria en Conductas Adictivas (UPCCA) de la Concejal\u00eda de Bienestar Social desplegar\u00e1 el s\u00e1bado por la ma\u00f1ana la campa\u00f1a \u2018Coneixement\u2019. Tambi\u00e9n en la ma\u00f1ana del s\u00e1bado, la Concejal\u00eda de Igualdad instalar\u00e1 un \u2018punto violeta\u2019 para promover una fiesta libre de acoso sexual, y como novedad de este a\u00f1o el Ayuntamiento tambi\u00e9n desarrollar\u00e1 una acci\u00f3n en redes sociales junto a los pe\u00f1istas sobre la conmemoraci\u00f3n del 700 Aniversario de la fundaci\u00f3n de Benidorm. <\/p> ","protected":false},"excerpt":{"rendered":"<p>En el recinto de V\u00eda Parque <\/p>\n","protected":false},"author":0,"featured_media":14510,"comment_status":"open","ping_status":"open","sticky":false,"template":"","format":"standard","meta":{"_acf_changed":false,"footnotes":""},"categories":[1],"tags":[],"class_list":["post-14509","post","type-post","status-publish","format-standard","has-post-thumbnail","hentry","category-sin-categoria"],"acf":{"ser_id":"MVNIYHXTGVDZ5M7DZHFLPGDH6M","ser_url":"https:\/\/cadenaser.com\/comunitat-valenciana\/2025\/04\/25\/mas-de-4500-penistas-de-benidorm-celebran-su-acampada-programa-transporte-y-aparcamientos-radio-benidorm\/"},"_links":{"self":[{"href":"https:\/\/serbenidorm.daliisolutions.com\/index.php\/wp-json\/wp\/v2\/posts\/14509","targetHints":{"allow":["GET"]}}],"collection":[{"href":"https:\/\/serbenidorm.daliisolutions.com\/index.php\/wp-json\/wp\/v2\/posts"}],"about":[{"href":"https:\/\/serbenidorm.daliisolutions.com\/index.php\/wp-json\/wp\/v2\/types\/post"}],"replies":[{"embeddable":true,"href":"https:\/\/serbenidorm.daliisolutions.com\/index.php\/wp-json\/wp\/v2\/comments?post=14509"}],"version-history":[{"count":0,"href":"https:\/\/serbenidorm.daliisolutions.com\/index.php\/wp-json\/wp\/v2\/posts\/14509\/revisions"}],"wp:featuredmedia":[{"embeddable":true,"href":"https:\/\/serbenidorm.daliisolutions.com\/index.php\/wp-json\/wp\/v2\/media\/14510"}],"wp:attachment":[{"href":"https:\/\/serbenidorm.daliisolutions.com\/index.php\/wp-json\/wp\/v2\/media?parent=14509"}],"wp:term":[{"taxonomy":"category","embeddable":true,"href":"https:\/\/serbenidorm.daliisolutions.com\/index.php\/wp-json\/wp\/v2\/categories?post=14509"},{"taxonomy":"post_tag","embeddable":true,"href":"https:\/\/serbenidorm.daliisolutions.com\/index.php\/wp-json\/wp\/v2\/tags?post=14509"}],"curies":[{"name":"wp","href":"https:\/\/api.w.org\/{rel}","templated":true}]}}