{"id":1451,"date":"2024-01-16T13:33:59","date_gmt":"2024-01-16T12:33:59","guid":{"rendered":"https:\/\/serbenidorm.daliisolutions.com\/index.php\/2024\/01\/16\/solo-15-de-cada-100-jovenes-en-la-comunitat-valenciana-viven-emancipados-de-sus-padres-y-su-salario-esta-por-debajo-de-la-media-de-espana\/"},"modified":"2024-01-16T13:33:59","modified_gmt":"2024-01-16T12:33:59","slug":"solo-15-de-cada-100-jovenes-en-la-comunitat-valenciana-viven-emancipados-de-sus-padres-y-su-salario-esta-por-debajo-de-la-media-de-espana","status":"publish","type":"post","link":"https:\/\/serbenidorm.daliisolutions.com\/index.php\/2024\/01\/16\/solo-15-de-cada-100-jovenes-en-la-comunitat-valenciana-viven-emancipados-de-sus-padres-y-su-salario-esta-por-debajo-de-la-media-de-espana\/","title":{"rendered":"Solo 15 de cada 100 j\u00f3venes en la Comunitat Valenciana viven emancipados de sus padres y su salario est\u00e1 por debajo de la media de Espa\u00f1a"},"content":{"rendered":"  <p>Valencia<\/p>   <p>La tasa de emancipaci\u00f3n juvenil de la Comunitat Valenciana mediado 2023 ha sido del 15,5%,<a href=\"https:\/\/cadenaser.com\/nacional\/2024\/01\/16\/solo-16-de-cada-100-jovenes-en-espana-vive-emancipado-de-sus-padres-cadena-ser\/\" target=\"_blank\" rel=\"noopener\"> nueve d\u00e9cimas por debajo de la media espa\u00f1ola<\/a> y m\u00e1s de dos puntos por encima de la cifra alcanzada en el mismo momento de 2022. As\u00ed, el porcentaje de personas emancipadas en la Comunitat Valenciana fue el m\u00e1s alto desde 2020. Las tasas de empleo y paro joven se mantuvieron constantes en general, aunque la temporalidad baj\u00f3 un 15,3% respecto a 2022.<\/p>   <p>Eso s\u00ed, los salarios eran m\u00e1s bajos que los del conjunto de Espa\u00f1a. El sueldo medio joven apenas superaba los 10.000 euros. Esto supone que una persona joven de la Comunitat Valenciana tenga que dedicar el 91,7% de su salario para alquilar una vivienda en solitario. Si la opci\u00f3n es el alquiler compartido, el coste medio roza el 38% del salario joven.<\/p>   <p>Los y las j\u00f3venes de la Comunitat no son de los que m\u00e1s se buscan la vida fuera de la provincia en la que nacieron. La media estatal de j\u00f3venes que reside en una provincia distinta a la de su nacimiento es del 9,9%, en caso valenciano es del 7,4%.<\/p>   <p>En cuanto al momento de independizarse la gran mayor\u00eda se ve obligada a esperar hasta entre los 30 a\u00f1os y los 34 a\u00f1os para poder hacerlo, casi un 75% en el caso valenciano, ligeramente por encima de la media. Pero entre los 16 y los 29 el porcentaje se reduce dr\u00e1sticamente hasta ese 15&#8217;5%, casi un punto por debajo de la media nacional.<\/p>   <p>La tasa de actividad es en la valenciana mayor a la media nacional y es la quinta autonom\u00eda del estado, por detr\u00e1s de Catalunya, Islas Baleares, Madrid y Canarias en el caso de los j\u00f3venes de entre 15 y 29 a\u00f1os. Sin embargo, entre los 30 y los 34, esa tasa se reduce y la valenciana pasa al s\u00e9ptimo puesto en el ranking estatal superada, entre otras, por Extremadura, La Rioja, Euskadi y Catalunya.<\/p>   <p>La tasa de paro es elevada entre los 15 y los 29 a\u00f1os est\u00e1 por encima de la media nacional tambi\u00e9n, pero en este caso el porcentaje se reduce de forma notable entre los 30 y los 34 a\u00f1os y este grupo se encuentra por debajo de la media del resto de autonom\u00edas del estado.<\/p>   <p>El Consell Valenci\u00e0 de la Joventut alerta de que esta situaci\u00f3n desemboca en problemas mentales<\/p>   <p>\u00c0lvar L\u00f3pez de Medina, president del Consell Valenci\u00e0 de la Joventut, alerta de que estamos en valores enquistados y que lejos de mejorar la tendencia es a peor. As\u00ed, si <a href=\"https:\/\/cadenaser.com\/comunitat-valenciana\/2023\/10\/25\/sube-un-16-la-emancipacion-juvenil-en-la-comunitat-valenciana-pero-la-region-sigue-por-detras-de-la-media-estatal-radio-valencia\/\" target=\"_blank\" rel=\"noopener\">en octubre pasado<\/a> el porcentaje de la renta que ten\u00eda que destinar un joven para alquilar una vivienda en solitario se mov\u00eda entre el 70 y el 80%, ahora es del 91&#8217;7%. El 91&#8217;7% de un salario medio de 10.000 euros anuales.<\/p>   <p>Y en el caso de optar por la compra, har\u00eda falta que durante m\u00e1s de cuatro a\u00f1os ahorrara toda su renta (siempre que cobre el salario m\u00ednimo) solo para pagar la entrada. Eso se traduce en una prevalencia cada vez mayor de problemas de salud mental ante la imposibilidad de iniciar un proyecto de vida.<\/p>   <p><\/p>   <p>L\u00f3pez de Medina afirma que es necesario que las administraciones cojan el toro por los cuernos y faciliten a los y las j\u00f3venes pol\u00edticas que les hagan m\u00e1s f\u00e1cil la emancipaci\u00f3n. En el caso de la vivienda es necesario, explica el president del Consell Valenci\u00e0 de la Joventut, deber\u00eda limitarse el precio de los alquileres en las zonas especialmente tensionadas y se deber\u00eda cumplir la ley a rajatabla. En ese sentido se pregunta por qu\u00e9 no se cumple la reserva de un 40% de las promociones p\u00fablicas para j\u00f3venes.<\/p>  <p><p class=\"tit\"><span>\u00c0lvar L\u00f3pez de Medina (president Consell Valenci\u00e0 Joventut) pide que se cumpla la ley de vivienda en lo relativo a los j\u00f3venes<\/span><\/p> <p class=\"emb\"><iframe loading=\"lazy\" src=\"https:\/\/cadenaser.com\/embed\/audio\/460\/1705407134344\/\" width=\"100%\" height=\"360\" frameborder=\"0\" allowfullscreen><\/iframe><\/p><\/p>   <p>Sin embargo, desde el \u00e1mbito econ\u00f3mico se discrepa en cuanto a las f\u00f3rmulas para abaratar el alquiler. El catedr\u00e1tico de an\u00e1lisis econ\u00f3mico de la Universitat de Val\u00e8ncia, Jos\u00e9 Manuel Pastor, la raz\u00f3n de que se hayan disparado los precios est\u00e1 precisamente en intentar controlar el precio de los alquileres. Se consigue con eso, explicaba el catedr\u00e1tico a la SER, el fin contrario al que se persigue. El propietario, con la legislaci\u00f3n actual, no tiene garant\u00edas de que la vivienda que alquila le va complementar la renta y huye de j\u00f3venes con salarios bajos. Es decir, la norma acaba perjudicando a quien pretende proteger.<\/p>  <p><p class=\"tit\"><span>Jos\u00e9 Manuel Pastor (catedr\u00e1tico an\u00e1lisis econ\u00f3mico UV) afirma que limitar los precios de los alquileres perjudica a los j\u00f3venes<\/span><\/p> <p class=\"emb\"><iframe loading=\"lazy\" src=\"https:\/\/cadenaser.com\/embed\/audio\/460\/1705407330725\/\" width=\"100%\" height=\"360\" frameborder=\"0\" allowfullscreen><\/iframe><\/p><\/p>   <p>Y es que seg\u00fan Pastor la actual normativa descarga sobre los propietarios el coste de las pol\u00edticas sociales. Afirma que no toda la vivienda para alquilar est\u00e1 en manos de grandes tenedores, que para ellos las normas deber\u00edan ser otras. Pero que quienes tienen una o dos viviendas para alquilar prefieren no hacerlo en las actuales circunstancias al no tener seguridad en caso de impago o de problemas. Buscan esa seguridad en aseguradoras privadas que a\u00fan acent\u00faan m\u00e1s el problema al huir de familias y personas en situaci\u00f3n econ\u00f3mica delicada. Si eso lo asumiera la administraci\u00f3n no ser\u00eda siquiera necesario desahuciar a familias vulnerables en caso de impago.<\/p>  <p><p class=\"tit\"><span>Jos\u00e9 Manuel Pastor (catedr\u00e1tico de an\u00e1lisis econ\u00f3mico UV) afirma que no se puede descargar la pol\u00edtica social en los propietarios de viviendas para alquilar<\/span><\/p> <p class=\"emb\"><iframe loading=\"lazy\" src=\"https:\/\/cadenaser.com\/embed\/audio\/460\/1705407455979\/\" width=\"100%\" height=\"360\" frameborder=\"0\" allowfullscreen><\/iframe><\/p><\/p>   <p>Para Pastor son necesarias pol\u00edticas que animen a esos peque\u00f1os propietarios a poner sus viviendas en alquiler. Asegura, asimismo, que los alquileres tur\u00edsticos tienen un efecto m\u00ednimo, muy limitado, en los precios de los alquileres. Un efecto que solo se nota, adem\u00e1s, en zonas determinadas. No en general.<\/p> ","protected":false},"excerpt":{"rendered":"<p>Las personas j\u00f3venes llegan a destinar el 91,7% de su salario para alquilar una vivienda en solitario seg\u00fan el Observatorio de Emancipaci\u00f3n del Consejo de la Juventud de Espa\u00f1a<\/p>\n","protected":false},"author":0,"featured_media":1452,"comment_status":"open","ping_status":"open","sticky":false,"template":"","format":"standard","meta":{"_acf_changed":false,"footnotes":""},"categories":[1],"tags":[],"class_list":["post-1451","post","type-post","status-publish","format-standard","has-post-thumbnail","hentry","category-sin-categoria"],"acf":{"ser_id":"NMKCWDM4ERCEJCTQDXHL22XD6U","ser_url":"https:\/\/cadenaser.com\/comunitat-valenciana\/2024\/01\/16\/solo-15-de-cada-100-jovenes-en-la-comunitat-valenciana-viven-emancipados-de-sus-padres-y-su-salario-esta-por-debajo-de-la-media-de-espana-radio-valencia\/"},"_links":{"self":[{"href":"https:\/\/serbenidorm.daliisolutions.com\/index.php\/wp-json\/wp\/v2\/posts\/1451","targetHints":{"allow":["GET"]}}],"collection":[{"href":"https:\/\/serbenidorm.daliisolutions.com\/index.php\/wp-json\/wp\/v2\/posts"}],"about":[{"href":"https:\/\/serbenidorm.daliisolutions.com\/index.php\/wp-json\/wp\/v2\/types\/post"}],"replies":[{"embeddable":true,"href":"https:\/\/serbenidorm.daliisolutions.com\/index.php\/wp-json\/wp\/v2\/comments?post=1451"}],"version-history":[{"count":0,"href":"https:\/\/serbenidorm.daliisolutions.com\/index.php\/wp-json\/wp\/v2\/posts\/1451\/revisions"}],"wp:featuredmedia":[{"embeddable":true,"href":"https:\/\/serbenidorm.daliisolutions.com\/index.php\/wp-json\/wp\/v2\/media\/1452"}],"wp:attachment":[{"href":"https:\/\/serbenidorm.daliisolutions.com\/index.php\/wp-json\/wp\/v2\/media?parent=1451"}],"wp:term":[{"taxonomy":"category","embeddable":true,"href":"https:\/\/serbenidorm.daliisolutions.com\/index.php\/wp-json\/wp\/v2\/categories?post=1451"},{"taxonomy":"post_tag","embeddable":true,"href":"https:\/\/serbenidorm.daliisolutions.com\/index.php\/wp-json\/wp\/v2\/tags?post=1451"}],"curies":[{"name":"wp","href":"https:\/\/api.w.org\/{rel}","templated":true}]}}