{"id":14549,"date":"2025-04-26T13:39:47","date_gmt":"2025-04-26T11:39:47","guid":{"rendered":"https:\/\/serbenidorm.daliisolutions.com\/index.php\/2025\/04\/26\/especial-camino-al-ascenso-llega-el-gran-dia-para-el-servigroup-playas-de-benidorm\/"},"modified":"2025-04-26T13:39:47","modified_gmt":"2025-04-26T11:39:47","slug":"especial-camino-al-ascenso-llega-el-gran-dia-para-el-servigroup-playas-de-benidorm","status":"publish","type":"post","link":"https:\/\/serbenidorm.daliisolutions.com\/index.php\/2025\/04\/26\/especial-camino-al-ascenso-llega-el-gran-dia-para-el-servigroup-playas-de-benidorm\/","title":{"rendered":"Especial \u2018Camino al ascenso\u2019: Llega el gran d\u00eda para el Servigroup Playas de Benidorm"},"content":{"rendered":"  <p><div data-adtype=\"MLDB\"><\/div><\/p>   <p>Legan\u00e9s<\/p>   <p>Apenas cuatro horas antes de saltar a la cancha del pabell\u00f3n Europa de Legan\u00e9s, la plantilla y el cuerpo t\u00e9cnico del Servigroup Playas de Benidorm vela armas para afrontar, a partir de las 17:00 horas, el partido definitivo por el ascenso a la Superliga Masculina, la m\u00e1xima categor\u00eda del voleibol nacional, ante el Textil Santanderina, un equipo al que los de Adriano Lamb ya derrotaron en la Copa Pr\u00edncipe.<\/p>   <p>Radio Benidorm-Cadena SER lleva desde el mi\u00e9rcoles con un equipo \u2018empotrado\u2019 en la expedici\u00f3n benidormense y este s\u00e1bado, como no pod\u00eda ser de otra manera, \u2018A vivir Benidorm\u2019 ha mutado en \u2018SER Deportivos Marina Baixa\u2019 para compartir con jugadores, t\u00e9cnicos y directivos las sensaciones en las \u00faltimas horas antes de ese partido fundamental.<\/p>   <p><b>Servigroup Playas de Benidorm \u2013 Textil Santanderina<\/b><\/p>   <p><div class=\"oembed youtube\"><iframe loading=\"lazy\" width=\"560\" height=\"315\" src=\"https:\/\/www.youtube.com\/embed\/qrF5qMBRNms?feature=oembed\" frameborder=\"0\" allow=\"accelerometer; autoplay; clipboard-write; encrypted-media; gyroscope; picture-in-picture; web-share\" allowfullscreen title=\"Fase Final de Superliga Masculina 2 | PRIMERA SEMIFINAL \ud83d\udd25 26\/04\/2025 S\u00e1bado TARDE\"><\/iframe><\/div><\/p> ","protected":false},"excerpt":{"rendered":"<p>\u00daltima conexi\u00f3n con Legan\u00e9s antes de un partido hist\u00f3rico para el deporte local y comarcal<\/p>\n","protected":false},"author":0,"featured_media":14550,"comment_status":"open","ping_status":"open","sticky":false,"template":"","format":"standard","meta":{"_acf_changed":false,"footnotes":""},"categories":[1],"tags":[],"class_list":["post-14549","post","type-post","status-publish","format-standard","has-post-thumbnail","hentry","category-sin-categoria"],"acf":{"ser_id":"U7DEBRQPXNBU3LV23OVKUXQFKA","ser_url":"https:\/\/cadenaser.com\/comunitat-valenciana\/2025\/04\/26\/especial-camino-al-ascenso-llega-el-gran-dia-para-el-servigroup-playas-de-benidorm-radio-benidorm\/"},"_links":{"self":[{"href":"https:\/\/serbenidorm.daliisolutions.com\/index.php\/wp-json\/wp\/v2\/posts\/14549","targetHints":{"allow":["GET"]}}],"collection":[{"href":"https:\/\/serbenidorm.daliisolutions.com\/index.php\/wp-json\/wp\/v2\/posts"}],"about":[{"href":"https:\/\/serbenidorm.daliisolutions.com\/index.php\/wp-json\/wp\/v2\/types\/post"}],"replies":[{"embeddable":true,"href":"https:\/\/serbenidorm.daliisolutions.com\/index.php\/wp-json\/wp\/v2\/comments?post=14549"}],"version-history":[{"count":0,"href":"https:\/\/serbenidorm.daliisolutions.com\/index.php\/wp-json\/wp\/v2\/posts\/14549\/revisions"}],"wp:featuredmedia":[{"embeddable":true,"href":"https:\/\/serbenidorm.daliisolutions.com\/index.php\/wp-json\/wp\/v2\/media\/14550"}],"wp:attachment":[{"href":"https:\/\/serbenidorm.daliisolutions.com\/index.php\/wp-json\/wp\/v2\/media?parent=14549"}],"wp:term":[{"taxonomy":"category","embeddable":true,"href":"https:\/\/serbenidorm.daliisolutions.com\/index.php\/wp-json\/wp\/v2\/categories?post=14549"},{"taxonomy":"post_tag","embeddable":true,"href":"https:\/\/serbenidorm.daliisolutions.com\/index.php\/wp-json\/wp\/v2\/tags?post=14549"}],"curies":[{"name":"wp","href":"https:\/\/api.w.org\/{rel}","templated":true}]}}