{"id":14565,"date":"2025-04-27T18:10:38","date_gmt":"2025-04-27T16:10:38","guid":{"rendered":"https:\/\/serbenidorm.daliisolutions.com\/index.php\/2025\/04\/27\/dos-detenidas-en-benidorm-por-hurtar-bolsos-y-carteras-a-turistas-cerca-de-sus-alojamientos\/"},"modified":"2025-04-27T18:10:38","modified_gmt":"2025-04-27T16:10:38","slug":"dos-detenidas-en-benidorm-por-hurtar-bolsos-y-carteras-a-turistas-cerca-de-sus-alojamientos","status":"publish","type":"post","link":"https:\/\/serbenidorm.daliisolutions.com\/index.php\/2025\/04\/27\/dos-detenidas-en-benidorm-por-hurtar-bolsos-y-carteras-a-turistas-cerca-de-sus-alojamientos\/","title":{"rendered":"Dos detenidas en Benidorm por hurtar bolsos y carteras a turistas cerca de sus alojamientos"},"content":{"rendered":"  <p><div data-adtype=\"MLDB\"><\/div><\/p>   <p>Alicante<\/p>   <p>La Polic\u00eda Nacional ha detenido en la localidad alicantina de Benidorm, a dos mujeres, que se desplazaban desde Alicante a esta ciudad, con el \u00fanico fin de aprovechar el descuido de los turistas cuando estaban en las inmediaciones de sus lugares de alojamiento vacacional gestionando sus equipajes, para hurtarles sus bolsos, carteras o similares en los que presumiblemente llevaban los objetos de m\u00e1s valor.<\/p>   <p>Los agentes encargados del caso, consiguieron demostrar a lo largo de su investigaci\u00f3n, una dilatada trayectoria delincuencial en la ciudad de ambas arrestadas, propiciando as\u00ed la decisi\u00f3n judicial de dictaminar una medida cautelar de privaci\u00f3n del derecho a acudir a una amplia zona acotada de la ciudad que comprend\u00eda su radio de actuaci\u00f3n, coincidiendo con la zona de m\u00e1s afluencia tur\u00edstica del centro de la ciudad.<\/p>   <p>La investigaci\u00f3n comenz\u00f3 a finales del a\u00f1o 2024, si bien los agentes investigadores, ya ten\u00edan constancia de la actuaci\u00f3n de estas personas, por otros m\u00faltiples hechos cometidos siempre bajo las mismas premisas; hurtos a turistas de sus pertenencias en las cercan\u00edas de hoteles c\u00e9ntricos, cuando \u00e9stos estaban gestionando, bien su llegada, bien su salida del alojamiento.<\/p>   <p>El sencillo modus utilizado, era siempre el mismo. Ambas investigadas, se desplazaban desde Alicante a Benidorm en un veh\u00edculo y merodeaban las zonas m\u00e1s tur\u00edsticas de la ciudad, focalizando su atenci\u00f3n tanto en las puertas de hoteles, como en paradas de transportes p\u00fablicos de dejada y recogida de turistas.<\/p>   <p>Eleg\u00edan estos lugares, puesto que es donde, los turistas, se encuentran con su equipaje, bien a la espera de ser atendidos por personal de recepci\u00f3n, bien a la espera de ser recogidos por un transporte, momento en el que prestan menos atenci\u00f3n a sus pertenencias.<\/p>   <p>Sin embargo, si les surg\u00eda la ocasi\u00f3n, no dudaban tampoco en seguir a personas mayores que sal\u00edan de estos alojamientos tur\u00edsticos para pasear por la ciudad, con la intenci\u00f3n de aprovechar un descuido y sustraerle sus pertenencias del bolso o la mochila.<\/p>   <p>La ejecuci\u00f3n del robo siempre era igual, mientras que una de ellas vigilaba el entorno y hac\u00eda de cobertura, la otra llevaba a cabo la sustracci\u00f3n del bien interesado, huyendo a continuaci\u00f3n en el veh\u00edculo en el que se desplazaban con asiduidad.<\/p>   <p>De esta manera, seg\u00fan revel\u00f3 la investigaci\u00f3n, se pudo concretar la actuaci\u00f3n de las dos investigadas en cinco hechos muy concretos, ocurridos entre septiembre de 2024 y marzo de 2025, donde se hallaron indicios probatorios suficientes de su participaci\u00f3n, sin menoscabo, de otros hechos que perpetraron de modo reincidente, donde fueron identificadas como presuntas responsables, haciendo de la ciudad de Benidorm su lugar preferente de actuaci\u00f3n, a pesar de no tener ninguna relaci\u00f3n con esta localidad.<\/p>   <p>Tras la detenci\u00f3n de ambas mujeres y ser puestas a disposici\u00f3n judicial, todo lo investigado por los agentes de Polic\u00eda Judicial de la Comisar\u00eda de Benidorm, unido a la gran cantidad de antecedentes que sumaban, fue propicio para que la autoridad judicial competente dictaminase la imposici\u00f3n de una medida accesoria de privaci\u00f3n del derecho a acudir a una zona acotada de la localidad de Benidorm, que comprend\u00eda la zona donde desarrollaban su actividad delictiva, como medida de prevenci\u00f3n para erradicar su actividad delincuencial en la ciudad.<\/p> ","protected":false},"excerpt":{"rendered":"<p>Seg\u00fan revel\u00f3 la investigaci\u00f3n, se pudo concretar la actuaci\u00f3n de las dos investigadas en cinco hechos muy concretos, ocurridos entre septiembre de 2024 y marzo de 2025<\/p>\n","protected":false},"author":0,"featured_media":14566,"comment_status":"open","ping_status":"open","sticky":false,"template":"","format":"standard","meta":{"_acf_changed":false,"footnotes":""},"categories":[1],"tags":[],"class_list":["post-14565","post","type-post","status-publish","format-standard","has-post-thumbnail","hentry","category-sin-categoria"],"acf":{"ser_id":"LTE36S2EUBABLIEDZQSZSZ44MM","ser_url":"https:\/\/cadenaser.com\/comunitat-valenciana\/2025\/04\/27\/dos-detenidas-en-benidorm-por-hurtar-bolsos-y-carteras-a-turistas-cerca-de-sus-alojamientos-radio-alicante\/"},"_links":{"self":[{"href":"https:\/\/serbenidorm.daliisolutions.com\/index.php\/wp-json\/wp\/v2\/posts\/14565","targetHints":{"allow":["GET"]}}],"collection":[{"href":"https:\/\/serbenidorm.daliisolutions.com\/index.php\/wp-json\/wp\/v2\/posts"}],"about":[{"href":"https:\/\/serbenidorm.daliisolutions.com\/index.php\/wp-json\/wp\/v2\/types\/post"}],"replies":[{"embeddable":true,"href":"https:\/\/serbenidorm.daliisolutions.com\/index.php\/wp-json\/wp\/v2\/comments?post=14565"}],"version-history":[{"count":0,"href":"https:\/\/serbenidorm.daliisolutions.com\/index.php\/wp-json\/wp\/v2\/posts\/14565\/revisions"}],"wp:featuredmedia":[{"embeddable":true,"href":"https:\/\/serbenidorm.daliisolutions.com\/index.php\/wp-json\/wp\/v2\/media\/14566"}],"wp:attachment":[{"href":"https:\/\/serbenidorm.daliisolutions.com\/index.php\/wp-json\/wp\/v2\/media?parent=14565"}],"wp:term":[{"taxonomy":"category","embeddable":true,"href":"https:\/\/serbenidorm.daliisolutions.com\/index.php\/wp-json\/wp\/v2\/categories?post=14565"},{"taxonomy":"post_tag","embeddable":true,"href":"https:\/\/serbenidorm.daliisolutions.com\/index.php\/wp-json\/wp\/v2\/tags?post=14565"}],"curies":[{"name":"wp","href":"https:\/\/api.w.org\/{rel}","templated":true}]}}